{"id":2357,"date":"2016-11-12T20:45:27","date_gmt":"2016-11-13T01:45:27","guid":{"rendered":"http:\/\/posletrasufac.com\/?p=2357"},"modified":"2016-11-12T20:45:28","modified_gmt":"2016-11-13T01:45:28","slug":"10o-simposio-linguagens-e-identidades-dana-amazonia-sul-ocidental-chega-ao-fim-e-anuncia-novo-ciclo-para-as-futuras-edicoes","status":"publish","type":"post","link":"https:\/\/posletrasufac.com\/en\/2016\/11\/12\/10o-simposio-linguagens-e-identidades-dana-amazonia-sul-ocidental-chega-ao-fim-e-anuncia-novo-ciclo-para-as-futuras-edicoes\/","title":{"rendered":"10\u00ba Simp\u00f3sio Linguagens e Identidades da\/na Amaz\u00f4nia Sul-Ocidental chega ao fim e anuncia novo ciclo para as futuras edi\u00e7\u00f5es"},"content":{"rendered":"<p><img data-recalc-dims=\"1\" loading=\"lazy\" decoding=\"async\" data-attachment-id=\"2359\" data-permalink=\"https:\/\/posletrasufac.com\/en\/2016\/11\/12\/10o-simposio-linguagens-e-identidades-dana-amazonia-sul-ocidental-chega-ao-fim-e-anuncia-novo-ciclo-para-as-futuras-edicoes\/encerramento-do-simposio-0059\/\" data-orig-file=\"https:\/\/i0.wp.com\/posletrasufac.com\/wp-content\/uploads\/2016\/11\/encerramento-do-simpc3b3sio-0059.jpg?fit=920%2C501&amp;ssl=1\" data-orig-size=\"920,501\" data-comments-opened=\"0\" data-image-meta=\"{&quot;aperture&quot;:&quot;2.8&quot;,&quot;credit&quot;:&quot;ASCOM&quot;,&quot;camera&quot;:&quot;Canon EOS-1D X&quot;,&quot;caption&quot;:&quot;&quot;,&quot;created_timestamp&quot;:&quot;1478861479&quot;,&quot;copyright&quot;:&quot;GLAUCO CAPPER&quot;,&quot;focal_length&quot;:&quot;70&quot;,&quot;iso&quot;:&quot;1250&quot;,&quot;shutter_speed&quot;:&quot;0.008&quot;,&quot;title&quot;:&quot;&quot;,&quot;orientation&quot;:&quot;0&quot;}\" data-image-title=\"encerramento-do-simposio-0059\" data-image-description=\"\" data-image-caption=\"\" data-large-file=\"https:\/\/i0.wp.com\/posletrasufac.com\/wp-content\/uploads\/2016\/11\/encerramento-do-simpc3b3sio-0059.jpg?fit=750%2C408&amp;ssl=1\" class=\"alignnone size-full wp-image-2359\" src=\"https:\/\/i0.wp.com\/posletrasufac.com\/wp-content\/uploads\/2016\/11\/encerramento-do-simpc3b3sio-0059.jpg?resize=750%2C408&#038;ssl=1\" alt=\"Encerramento do Simp\u00f3sio -0059.jpg\" width=\"750\" height=\"408\" \/>Ap\u00f3s cinco dias em que pesquisadores, professores, comunidade acad\u00eamica, estudantes de p\u00f3s-gradua\u00e7\u00e3o, dialogaram e debateram em torno do tema \u201cTr\u00e2nsitos p\u00f3s-coloniais e descolonialidade de saberes e sentidos\u201d, chega-se ao final do evento com in\u00fameras reflex\u00f5es sobre o tema, principalmente, sobre os conceitos cristalizados e marcados pela coloniza\u00e7\u00e3o que atravessam os discursos (re)produzidos pela sociedade.<\/p>\n<p>O 10\u00ba Simp\u00f3sio de Linguagens e Identidade da\/na Amaz\u00f4nia Sul-Ocidental e o 8\u00ba Col\u00f3quio Internacional \u201cAs Amaz\u00f4nias, as \u00c1fricas e as \u00c1fricas Pan-Amaz\u00f4nica\u201d, realizado pelo Programa de P\u00f3s-gradua\u00e7\u00e3o em Letras: Linguagens e Identidade da Universidade Federal do Acre (Ufac), alcan\u00e7ou a marca de 1266 inscritos, com apresenta\u00e7\u00e3o de aproximadamente 500 trabalhos acad\u00eamicos, divididos em comunica\u00e7\u00f5es orais \u2212 Grupos de Trabalho e Sess\u00f5es Livres \u2212, 14 minicursos e 7 oficinas.<\/p>\n<p>\u201cEm 2014, ao t\u00e9rmino do oitavo simp\u00f3sio, afirmei que este nosso congresso tinha deixado de ser um evento e passara a ser um acontecimento na vida da Universidade Federal do Acre. Agora, com o deslocamento do mesmo para a Universidade Federal de Rond\u00f4nia e Universidade Federal do Par\u00e1, que o sediar\u00e3o em 2017 e 2018, respectivamente, esse acontecimento se enra\u00edza regionalmente em um encadeamento rizom\u00e1tico que desmonta as rotas colonizat\u00f3rias de sujeitos e sentidos, invertendo os pilares do di\u00e1logo e da reflex\u00e3o sobre as culturas amaz\u00f4nicas tornando nossos lugares de viv\u00eancias e experi\u00eancias em locais de enuncia\u00e7\u00e3o decoloniais\u201d, afirmou Gerson Albuquerque, Coordenador do Programa de P\u00f3s-Gradua\u00e7\u00e3o em Letras: Linguagem e Identidade e um dos idealizadores do Simp\u00f3sio.<\/p>\n<p>Bastidores<\/p>\n<p>Para organizar a d\u00e9cima edi\u00e7\u00e3o do simp\u00f3sio, equipes foram formadas a fim de distribuir, articular e executar tarefas necess\u00e1rias para o andamento do evento. Ao todo, 90 pessoas integraram a comiss\u00e3o de organiza\u00e7\u00e3o do simp\u00f3sio, divididos em 7 equipes mais o suporte de 10 pessoas no atendimento na Secretaria Geral do evento.<\/p>\n<p>\u201cEu n\u00e3o tenho d\u00favidas que o Secretariado Internacional das Jornadas Andinas de Literatura Latino Americana escolheram a Ufac para sediar esse evento em 2018 devido ao nosso ac\u00famulo de experi\u00eancia em organiza\u00e7\u00e3o de eventos de grande porte e ao nosso engajamento em temas contra-hegem\u00f4nicos no campo da literatura, das artes, das ci\u00eancias em geral, produzidos desde as muitas amaz\u00f4nias\u201d, declarou uma das coordenadoras do 10\u00ba Simp\u00f3sio Linguagens e Identidades da\/na Amaz\u00f4nia Sul-Ocidental, Raquel Ishii.<\/p>\n<p>A aluna do Programa de P\u00f3s-gradua\u00e7\u00e3o em Letras: Linguagens e Identidade da Ufac e coordenadora da equipe de minicursos e oficinas, Andressa Almeida, disse que dedica\u00e7\u00e3o e colabora\u00e7\u00e3o resumem o sentimento ter experienciado a coordena\u00e7\u00e3o de umas das equipes mais importantes do evento: a de minicursos e oficinas. Tempo corrido, reponsabilidade com as oficinas e minicursos, segundo Andressa, aumentou a dedica\u00e7\u00e3o das equipes. \u201cFoi bom ver a colabora\u00e7\u00e3o das equipes, monitores e dos meus colegas de turma no mestrado\u201d, disse.<\/p>\n<p>Pelo segundo ano coordenando a equipe de minicursos e oficinas, Daniele Nolasco, diz que o simp\u00f3sio \u201c\u00e9 parte de algo maior\u201d. Para ela, \u201cfazer com que aconte\u00e7a o Simp\u00f3sio n\u00e3o \u00e9 tarefa f\u00e1cil. Sobretudo, porque aqueles que o conduzem, s\u00e3o os que de fato se importam com causa\u201d, acrescentou.<\/p>\n<p>Para \u00cdtala Oliveira, membro da comiss\u00e3o de organiza\u00e7\u00e3o do simp\u00f3sio, participar do evento \u201c\u00e9 sin\u00f4nimo de crescimento; \u00e9 entender que existem outras fronteiras e outros conhecimentos que s\u00f3 conseguimos ter acesso atrav\u00e9s do simp\u00f3sio\u201d. Para \u00cdtala, trabalhar no simp\u00f3sio tem sido \u201cgratificante\u201d. \u201cS\u00e3o nesses eventos que se entende como funciona a institui\u00e7\u00e3o [Ufac], a gente recebe muitos \u2018n\u00e3os\u2019 e, quando chegamos na sexta-feira e vemos que deu tudo certo, \u00e9 muito importante\u201d.<\/p>\n<p>A experi\u00eancia de participar do simp\u00f3sio marcou, a hist\u00f3ria da mestranda Fernanda Cougo, formada pelo Programa de P\u00f3s-gradua\u00e7\u00e3o em Letras: Linguagens e Identidade da Ufac. Cougo \u00e9 de Minas Gerais e defendeu sua disserta\u00e7\u00e3o em fevereiro deste ano, retornando ao Acre para participar do evento.<\/p>\n<p>\u201cParticipar dos simp\u00f3sios foi fundamental na minha forma\u00e7\u00e3o e desenvolvimento da minha pesquisa. O contato com diversos palestrantes [nacionais e internacionais], de diferentes lugares e em diversas \u00e1reas [do conhecimento] \u2212 ind\u00edgenas, n\u00e3o ind\u00edgenas \u2212 da Pan-Amaz\u00f4nia, trouxeram uma riqueza, abriram horizontes para que eu desenvolvesse minha pesquisa com qualidade e com \u00e9tica\u201d.<\/p>\n<p>Em 2017, o 11\u00ba Simp\u00f3sio de Linguagens e Identidade da\/na Amaz\u00f4nia Sul-Ocidental e o 9\u00ba Col\u00f3quio Internacional \u201cAs Amaz\u00f4nias, as \u00c1fricas e as \u00c1fricas Pan-Amaz\u00f4nica\u201d ser\u00e1 realizado pela Universidade Federal de Rond\u00f4nia (Unir), dando in\u00edcio a uma nova fase de discuss\u00f5es em \u00e2mbito nacional e internacional. J\u00e1 a 12\u00aa edi\u00e7\u00e3o, ter\u00e1 como sede a cidade de Bel\u00e9m, organizada por uma das mais importantes universidades da amaz\u00f4nicas, a Universidade Federal do Par\u00e1.<\/p>\n<div class=\"tiled-gallery type-rectangular tiled-gallery-unresized\" data-original-width=\"750\" data-carousel-extra='{&quot;blog_id&quot;:1,&quot;permalink&quot;:&quot;https:\\\/\\\/posletrasufac.com\\\/en\\\/2016\\\/11\\\/12\\\/10o-simposio-linguagens-e-identidades-dana-amazonia-sul-ocidental-chega-ao-fim-e-anuncia-novo-ciclo-para-as-futuras-edicoes\\\/&quot;,&quot;likes_blog_id&quot;:70821924}' itemscope itemtype=\"http:\/\/schema.org\/ImageGallery\" > <div class=\"gallery-row\" style=\"width: 750px; height: 325px;\" data-original-width=\"750\" data-original-height=\"325\" > <div class=\"gallery-group images-2\" style=\"width: 264px; height: 325px;\" data-original-width=\"264\" data-original-height=\"325\" > <div class=\"tiled-gallery-item tiled-gallery-item-large\" itemprop=\"associatedMedia\" itemscope itemtype=\"http:\/\/schema.org\/ImageObject\"> <a href=\"https:\/\/posletrasufac.com\/en\/2016\/11\/12\/10o-simposio-linguagens-e-identidades-dana-amazonia-sul-ocidental-chega-ao-fim-e-anuncia-novo-ciclo-para-as-futuras-edicoes\/15027512_10207103779982506_1766179065008205970_n\/\" border=\"0\" itemprop=\"url\"> <meta itemprop=\"width\" content=\"260\"> <meta itemprop=\"height\" content=\"143\"> <img decoding=\"async\" class=\"\" data-attachment-id=\"2366\" data-orig-file=\"https:\/\/posletrasufac.com\/wp-content\/uploads\/2016\/11\/15027512_10207103779982506_1766179065008205970_n.jpg\" data-orig-size=\"960,528\" data-comments-opened=\"\" data-image-meta=\"{&quot;aperture&quot;:&quot;0&quot;,&quot;credit&quot;:&quot;&quot;,&quot;camera&quot;:&quot;&quot;,&quot;caption&quot;:&quot;&quot;,&quot;created_timestamp&quot;:&quot;0&quot;,&quot;copyright&quot;:&quot;&quot;,&quot;focal_length&quot;:&quot;0&quot;,&quot;iso&quot;:&quot;0&quot;,&quot;shutter_speed&quot;:&quot;0&quot;,&quot;title&quot;:&quot;&quot;,&quot;orientation&quot;:&quot;0&quot;}\" data-image-title=\"15027512_10207103779982506_1766179065008205970_n\" data-image-description=\"\" data-medium-file=\"https:\/\/i0.wp.com\/posletrasufac.com\/wp-content\/uploads\/2016\/11\/15027512_10207103779982506_1766179065008205970_n.jpg?fit=300%2C165&#038;ssl=1\" data-large-file=\"https:\/\/i0.wp.com\/posletrasufac.com\/wp-content\/uploads\/2016\/11\/15027512_10207103779982506_1766179065008205970_n.jpg?fit=750%2C413&#038;ssl=1\" src=\"https:\/\/i0.wp.com\/posletrasufac.com\/wp-content\/uploads\/2016\/11\/15027512_10207103779982506_1766179065008205970_n.jpg?w=260&#038;h=143&#038;ssl=1\" width=\"260\" height=\"143\" loading=\"lazy\" data-original-width=\"260\" data-original-height=\"143\" itemprop=\"http:\/\/schema.org\/image\" title=\"15027512_10207103779982506_1766179065008205970_n\" alt=\"15027512_10207103779982506_1766179065008205970_n\" style=\"width: 260px; height: 143px;\" \/> <\/a> <\/div> <div class=\"tiled-gallery-item tiled-gallery-item-large\" itemprop=\"associatedMedia\" itemscope itemtype=\"http:\/\/schema.org\/ImageObject\"> <a href=\"https:\/\/posletrasufac.com\/en\/2016\/11\/12\/10o-simposio-linguagens-e-identidades-dana-amazonia-sul-ocidental-chega-ao-fim-e-anuncia-novo-ciclo-para-as-futuras-edicoes\/14962783_882080431893144_5433169841608639327_n\/\" border=\"0\" itemprop=\"url\"> <meta itemprop=\"width\" content=\"260\"> <meta itemprop=\"height\" content=\"174\"> <img decoding=\"async\" class=\"\" data-attachment-id=\"2364\" data-orig-file=\"https:\/\/posletrasufac.com\/wp-content\/uploads\/2016\/11\/14962783_882080431893144_5433169841608639327_n.jpg\" data-orig-size=\"960,640\" data-comments-opened=\"\" data-image-meta=\"{&quot;aperture&quot;:&quot;0&quot;,&quot;credit&quot;:&quot;&quot;,&quot;camera&quot;:&quot;&quot;,&quot;caption&quot;:&quot;&quot;,&quot;created_timestamp&quot;:&quot;0&quot;,&quot;copyright&quot;:&quot;&quot;,&quot;focal_length&quot;:&quot;0&quot;,&quot;iso&quot;:&quot;0&quot;,&quot;shutter_speed&quot;:&quot;0&quot;,&quot;title&quot;:&quot;&quot;,&quot;orientation&quot;:&quot;0&quot;}\" data-image-title=\"14962783_882080431893144_5433169841608639327_n\" data-image-description=\"\" data-medium-file=\"https:\/\/i0.wp.com\/posletrasufac.com\/wp-content\/uploads\/2016\/11\/14962783_882080431893144_5433169841608639327_n.jpg?fit=300%2C200&#038;ssl=1\" data-large-file=\"https:\/\/i0.wp.com\/posletrasufac.com\/wp-content\/uploads\/2016\/11\/14962783_882080431893144_5433169841608639327_n.jpg?fit=750%2C500&#038;ssl=1\" src=\"https:\/\/i0.wp.com\/posletrasufac.com\/wp-content\/uploads\/2016\/11\/14962783_882080431893144_5433169841608639327_n.jpg?w=260&#038;h=174&#038;ssl=1\" width=\"260\" height=\"174\" loading=\"lazy\" data-original-width=\"260\" data-original-height=\"174\" itemprop=\"http:\/\/schema.org\/image\" title=\"14962783_882080431893144_5433169841608639327_n\" alt=\"14962783_882080431893144_5433169841608639327_n\" style=\"width: 260px; height: 174px;\" \/> <\/a> <\/div> <\/div> <!-- close group --> <div class=\"gallery-group images-1\" style=\"width: 486px; height: 325px;\" data-original-width=\"486\" data-original-height=\"325\" > <div class=\"tiled-gallery-item tiled-gallery-item-large\" itemprop=\"associatedMedia\" itemscope itemtype=\"http:\/\/schema.org\/ImageObject\"> <a href=\"https:\/\/posletrasufac.com\/en\/2016\/11\/12\/10o-simposio-linguagens-e-identidades-dana-amazonia-sul-ocidental-chega-ao-fim-e-anuncia-novo-ciclo-para-as-futuras-edicoes\/14962631_883245478443306_160318931448523641_n\/\" border=\"0\" itemprop=\"url\"> <meta itemprop=\"width\" content=\"482\"> <meta itemprop=\"height\" content=\"321\"> <img decoding=\"async\" class=\"\" data-attachment-id=\"2363\" data-orig-file=\"https:\/\/posletrasufac.com\/wp-content\/uploads\/2016\/11\/14962631_883245478443306_160318931448523641_n.jpg\" data-orig-size=\"960,639\" data-comments-opened=\"\" data-image-meta=\"{&quot;aperture&quot;:&quot;0&quot;,&quot;credit&quot;:&quot;&quot;,&quot;camera&quot;:&quot;&quot;,&quot;caption&quot;:&quot;&quot;,&quot;created_timestamp&quot;:&quot;0&quot;,&quot;copyright&quot;:&quot;&quot;,&quot;focal_length&quot;:&quot;0&quot;,&quot;iso&quot;:&quot;0&quot;,&quot;shutter_speed&quot;:&quot;0&quot;,&quot;title&quot;:&quot;&quot;,&quot;orientation&quot;:&quot;0&quot;}\" data-image-title=\"14962631_883245478443306_160318931448523641_n\" data-image-description=\"\" data-medium-file=\"https:\/\/i0.wp.com\/posletrasufac.com\/wp-content\/uploads\/2016\/11\/14962631_883245478443306_160318931448523641_n.jpg?fit=300%2C200&#038;ssl=1\" data-large-file=\"https:\/\/i0.wp.com\/posletrasufac.com\/wp-content\/uploads\/2016\/11\/14962631_883245478443306_160318931448523641_n.jpg?fit=750%2C499&#038;ssl=1\" src=\"https:\/\/i0.wp.com\/posletrasufac.com\/wp-content\/uploads\/2016\/11\/14962631_883245478443306_160318931448523641_n.jpg?w=482&#038;h=321&#038;ssl=1\" width=\"482\" height=\"321\" loading=\"lazy\" data-original-width=\"482\" data-original-height=\"321\" itemprop=\"http:\/\/schema.org\/image\" title=\"14962631_883245478443306_160318931448523641_n\" alt=\"14962631_883245478443306_160318931448523641_n\" style=\"width: 482px; height: 321px;\" \/> <\/a> <\/div> <\/div> <!-- close group --> <\/div> <!-- close row --> <div class=\"gallery-row\" style=\"width: 750px; height: 230px;\" data-original-width=\"750\" data-original-height=\"230\" > <div class=\"gallery-group images-1\" style=\"width: 406px; height: 230px;\" data-original-width=\"406\" data-original-height=\"230\" > <div class=\"tiled-gallery-item tiled-gallery-item-large\" itemprop=\"associatedMedia\" itemscope itemtype=\"http:\/\/schema.org\/ImageObject\"> <a href=\"https:\/\/posletrasufac.com\/en\/2016\/11\/12\/10o-simposio-linguagens-e-identidades-dana-amazonia-sul-ocidental-chega-ao-fim-e-anuncia-novo-ciclo-para-as-futuras-edicoes\/14991905_10207103773582346_7427656392365092869_n\/\" border=\"0\" itemprop=\"url\"> <meta itemprop=\"width\" content=\"402\"> <meta itemprop=\"height\" content=\"226\"> <img decoding=\"async\" class=\"\" data-attachment-id=\"2365\" data-orig-file=\"https:\/\/posletrasufac.com\/wp-content\/uploads\/2016\/11\/14991905_10207103773582346_7427656392365092869_n.jpg\" data-orig-size=\"960,540\" data-comments-opened=\"\" data-image-meta=\"{&quot;aperture&quot;:&quot;0&quot;,&quot;credit&quot;:&quot;&quot;,&quot;camera&quot;:&quot;&quot;,&quot;caption&quot;:&quot;&quot;,&quot;created_timestamp&quot;:&quot;0&quot;,&quot;copyright&quot;:&quot;&quot;,&quot;focal_length&quot;:&quot;0&quot;,&quot;iso&quot;:&quot;0&quot;,&quot;shutter_speed&quot;:&quot;0&quot;,&quot;title&quot;:&quot;&quot;,&quot;orientation&quot;:&quot;0&quot;}\" data-image-title=\"14991905_10207103773582346_7427656392365092869_n\" data-image-description=\"\" data-medium-file=\"https:\/\/i0.wp.com\/posletrasufac.com\/wp-content\/uploads\/2016\/11\/14991905_10207103773582346_7427656392365092869_n.jpg?fit=300%2C169&#038;ssl=1\" data-large-file=\"https:\/\/i0.wp.com\/posletrasufac.com\/wp-content\/uploads\/2016\/11\/14991905_10207103773582346_7427656392365092869_n.jpg?fit=750%2C422&#038;ssl=1\" src=\"https:\/\/i0.wp.com\/posletrasufac.com\/wp-content\/uploads\/2016\/11\/14991905_10207103773582346_7427656392365092869_n.jpg?w=402&#038;h=226&#038;ssl=1\" width=\"402\" height=\"226\" loading=\"lazy\" data-original-width=\"402\" data-original-height=\"226\" itemprop=\"http:\/\/schema.org\/image\" title=\"14991905_10207103773582346_7427656392365092869_n\" alt=\"14991905_10207103773582346_7427656392365092869_n\" style=\"width: 402px; height: 226px;\" \/> <\/a> <\/div> <\/div> <!-- close group --> <div class=\"gallery-group images-1\" style=\"width: 344px; height: 230px;\" data-original-width=\"344\" data-original-height=\"230\" > <div class=\"tiled-gallery-item tiled-gallery-item-large\" itemprop=\"associatedMedia\" itemscope itemtype=\"http:\/\/schema.org\/ImageObject\"> <a href=\"https:\/\/posletrasufac.com\/en\/2016\/11\/12\/10o-simposio-linguagens-e-identidades-dana-amazonia-sul-ocidental-chega-ao-fim-e-anuncia-novo-ciclo-para-as-futuras-edicoes\/15055687_883244748443379_8392482817226465109_n\/\" border=\"0\" itemprop=\"url\"> <meta itemprop=\"width\" content=\"340\"> <meta itemprop=\"height\" content=\"226\"> <img decoding=\"async\" class=\"\" data-attachment-id=\"2371\" data-orig-file=\"https:\/\/posletrasufac.com\/wp-content\/uploads\/2016\/11\/15055687_883244748443379_8392482817226465109_n.jpg\" data-orig-size=\"920,613\" data-comments-opened=\"\" data-image-meta=\"{&quot;aperture&quot;:&quot;0&quot;,&quot;credit&quot;:&quot;Glauco Capper&quot;,&quot;camera&quot;:&quot;&quot;,&quot;caption&quot;:&quot;&quot;,&quot;created_timestamp&quot;:&quot;0&quot;,&quot;copyright&quot;:&quot;GLAUCO CAPPER&quot;,&quot;focal_length&quot;:&quot;0&quot;,&quot;iso&quot;:&quot;0&quot;,&quot;shutter_speed&quot;:&quot;0&quot;,&quot;title&quot;:&quot;&quot;,&quot;orientation&quot;:&quot;0&quot;}\" data-image-title=\"15055687_883244748443379_8392482817226465109_n\" data-image-description=\"\" data-medium-file=\"https:\/\/i0.wp.com\/posletrasufac.com\/wp-content\/uploads\/2016\/11\/15055687_883244748443379_8392482817226465109_n.jpg?fit=300%2C200&#038;ssl=1\" data-large-file=\"https:\/\/i0.wp.com\/posletrasufac.com\/wp-content\/uploads\/2016\/11\/15055687_883244748443379_8392482817226465109_n.jpg?fit=750%2C500&#038;ssl=1\" src=\"https:\/\/i0.wp.com\/posletrasufac.com\/wp-content\/uploads\/2016\/11\/15055687_883244748443379_8392482817226465109_n.jpg?w=340&#038;h=226&#038;ssl=1\" width=\"340\" height=\"226\" loading=\"lazy\" data-original-width=\"340\" data-original-height=\"226\" itemprop=\"http:\/\/schema.org\/image\" title=\"15055687_883244748443379_8392482817226465109_n\" alt=\"15055687_883244748443379_8392482817226465109_n\" style=\"width: 340px; height: 226px;\" \/> <\/a> <\/div> <\/div> <!-- close group --> <\/div> <!-- close row --> <div class=\"gallery-row\" style=\"width: 750px; height: 230px;\" data-original-width=\"750\" data-original-height=\"230\" > <div class=\"gallery-group images-1\" style=\"width: 406px; height: 230px;\" data-original-width=\"406\" data-original-height=\"230\" > <div class=\"tiled-gallery-item tiled-gallery-item-large\" itemprop=\"associatedMedia\" itemscope itemtype=\"http:\/\/schema.org\/ImageObject\"> <a href=\"https:\/\/posletrasufac.com\/en\/2016\/11\/12\/10o-simposio-linguagens-e-identidades-dana-amazonia-sul-ocidental-chega-ao-fim-e-anuncia-novo-ciclo-para-as-futuras-edicoes\/15056284_10207103776182411_4846350382609090662_n\/\" border=\"0\" itemprop=\"url\"> <meta itemprop=\"width\" content=\"402\"> <meta itemprop=\"height\" content=\"226\"> <img decoding=\"async\" class=\"\" data-attachment-id=\"2373\" data-orig-file=\"https:\/\/posletrasufac.com\/wp-content\/uploads\/2016\/11\/15056284_10207103776182411_4846350382609090662_n.jpg\" data-orig-size=\"960,540\" data-comments-opened=\"\" data-image-meta=\"{&quot;aperture&quot;:&quot;0&quot;,&quot;credit&quot;:&quot;&quot;,&quot;camera&quot;:&quot;&quot;,&quot;caption&quot;:&quot;&quot;,&quot;created_timestamp&quot;:&quot;0&quot;,&quot;copyright&quot;:&quot;&quot;,&quot;focal_length&quot;:&quot;0&quot;,&quot;iso&quot;:&quot;0&quot;,&quot;shutter_speed&quot;:&quot;0&quot;,&quot;title&quot;:&quot;&quot;,&quot;orientation&quot;:&quot;0&quot;}\" data-image-title=\"15056284_10207103776182411_4846350382609090662_n\" data-image-description=\"\" data-medium-file=\"https:\/\/i0.wp.com\/posletrasufac.com\/wp-content\/uploads\/2016\/11\/15056284_10207103776182411_4846350382609090662_n.jpg?fit=300%2C169&#038;ssl=1\" data-large-file=\"https:\/\/i0.wp.com\/posletrasufac.com\/wp-content\/uploads\/2016\/11\/15056284_10207103776182411_4846350382609090662_n.jpg?fit=750%2C422&#038;ssl=1\" src=\"https:\/\/i0.wp.com\/posletrasufac.com\/wp-content\/uploads\/2016\/11\/15056284_10207103776182411_4846350382609090662_n.jpg?w=402&#038;h=226&#038;ssl=1\" width=\"402\" height=\"226\" loading=\"lazy\" data-original-width=\"402\" data-original-height=\"226\" itemprop=\"http:\/\/schema.org\/image\" title=\"15056284_10207103776182411_4846350382609090662_n\" alt=\"15056284_10207103776182411_4846350382609090662_n\" style=\"width: 402px; height: 226px;\" \/> <\/a> <\/div> <\/div> <!-- close group --> <div class=\"gallery-group images-1\" style=\"width: 344px; height: 230px;\" data-original-width=\"344\" data-original-height=\"230\" > <div class=\"tiled-gallery-item tiled-gallery-item-large\" itemprop=\"associatedMedia\" itemscope itemtype=\"http:\/\/schema.org\/ImageObject\"> <a href=\"https:\/\/posletrasufac.com\/en\/2016\/11\/12\/10o-simposio-linguagens-e-identidades-dana-amazonia-sul-ocidental-chega-ao-fim-e-anuncia-novo-ciclo-para-as-futuras-edicoes\/15055594_883244138443440_3052309905363376133_n\/\" border=\"0\" itemprop=\"url\"> <meta itemprop=\"width\" content=\"340\"> <meta itemprop=\"height\" content=\"226\"> <img decoding=\"async\" class=\"\" data-attachment-id=\"2370\" data-orig-file=\"https:\/\/posletrasufac.com\/wp-content\/uploads\/2016\/11\/15055594_883244138443440_3052309905363376133_n.jpg\" data-orig-size=\"960,639\" data-comments-opened=\"\" data-image-meta=\"{&quot;aperture&quot;:&quot;0&quot;,&quot;credit&quot;:&quot;&quot;,&quot;camera&quot;:&quot;&quot;,&quot;caption&quot;:&quot;&quot;,&quot;created_timestamp&quot;:&quot;0&quot;,&quot;copyright&quot;:&quot;&quot;,&quot;focal_length&quot;:&quot;0&quot;,&quot;iso&quot;:&quot;0&quot;,&quot;shutter_speed&quot;:&quot;0&quot;,&quot;title&quot;:&quot;&quot;,&quot;orientation&quot;:&quot;0&quot;}\" data-image-title=\"15055594_883244138443440_3052309905363376133_n\" data-image-description=\"\" data-medium-file=\"https:\/\/i0.wp.com\/posletrasufac.com\/wp-content\/uploads\/2016\/11\/15055594_883244138443440_3052309905363376133_n.jpg?fit=300%2C200&#038;ssl=1\" data-large-file=\"https:\/\/i0.wp.com\/posletrasufac.com\/wp-content\/uploads\/2016\/11\/15055594_883244138443440_3052309905363376133_n.jpg?fit=750%2C499&#038;ssl=1\" src=\"https:\/\/i0.wp.com\/posletrasufac.com\/wp-content\/uploads\/2016\/11\/15055594_883244138443440_3052309905363376133_n.jpg?w=340&#038;h=226&#038;ssl=1\" width=\"340\" height=\"226\" loading=\"lazy\" data-original-width=\"340\" data-original-height=\"226\" itemprop=\"http:\/\/schema.org\/image\" title=\"15055594_883244138443440_3052309905363376133_n\" alt=\"15055594_883244138443440_3052309905363376133_n\" style=\"width: 340px; height: 226px;\" \/> <\/a> <\/div> <\/div> <!-- close group --> <\/div> <!-- close row --> <div class=\"gallery-row\" style=\"width: 750px; height: 230px;\" data-original-width=\"750\" data-original-height=\"230\" > <div class=\"gallery-group images-1\" style=\"width: 406px; height: 230px;\" data-original-width=\"406\" data-original-height=\"230\" > <div class=\"tiled-gallery-item tiled-gallery-item-large\" itemprop=\"associatedMedia\" itemscope itemtype=\"http:\/\/schema.org\/ImageObject\"> <a href=\"https:\/\/posletrasufac.com\/en\/2016\/11\/12\/10o-simposio-linguagens-e-identidades-dana-amazonia-sul-ocidental-chega-ao-fim-e-anuncia-novo-ciclo-para-as-futuras-edicoes\/15056237_10207103777702449_6864110100646840960_n\/\" border=\"0\" itemprop=\"url\"> <meta itemprop=\"width\" content=\"402\"> <meta itemprop=\"height\" content=\"226\"> <img decoding=\"async\" class=\"\" data-attachment-id=\"2372\" data-orig-file=\"https:\/\/posletrasufac.com\/wp-content\/uploads\/2016\/11\/15056237_10207103777702449_6864110100646840960_n.jpg\" data-orig-size=\"960,540\" data-comments-opened=\"\" data-image-meta=\"{&quot;aperture&quot;:&quot;0&quot;,&quot;credit&quot;:&quot;&quot;,&quot;camera&quot;:&quot;&quot;,&quot;caption&quot;:&quot;&quot;,&quot;created_timestamp&quot;:&quot;0&quot;,&quot;copyright&quot;:&quot;&quot;,&quot;focal_length&quot;:&quot;0&quot;,&quot;iso&quot;:&quot;0&quot;,&quot;shutter_speed&quot;:&quot;0&quot;,&quot;title&quot;:&quot;&quot;,&quot;orientation&quot;:&quot;0&quot;}\" data-image-title=\"15056237_10207103777702449_6864110100646840960_n\" data-image-description=\"\" data-medium-file=\"https:\/\/i0.wp.com\/posletrasufac.com\/wp-content\/uploads\/2016\/11\/15056237_10207103777702449_6864110100646840960_n.jpg?fit=300%2C169&#038;ssl=1\" data-large-file=\"https:\/\/i0.wp.com\/posletrasufac.com\/wp-content\/uploads\/2016\/11\/15056237_10207103777702449_6864110100646840960_n.jpg?fit=750%2C422&#038;ssl=1\" src=\"https:\/\/i0.wp.com\/posletrasufac.com\/wp-content\/uploads\/2016\/11\/15056237_10207103777702449_6864110100646840960_n.jpg?w=402&#038;h=226&#038;ssl=1\" width=\"402\" height=\"226\" loading=\"lazy\" data-original-width=\"402\" data-original-height=\"226\" itemprop=\"http:\/\/schema.org\/image\" title=\"15056237_10207103777702449_6864110100646840960_n\" alt=\"15056237_10207103777702449_6864110100646840960_n\" style=\"width: 402px; height: 226px;\" \/> <\/a> <\/div> <\/div> <!-- close group --> <div class=\"gallery-group images-1\" style=\"width: 344px; height: 230px;\" data-original-width=\"344\" data-original-height=\"230\" > <div class=\"tiled-gallery-item tiled-gallery-item-large\" itemprop=\"associatedMedia\" itemscope itemtype=\"http:\/\/schema.org\/ImageObject\"> <a href=\"https:\/\/posletrasufac.com\/en\/2016\/11\/12\/10o-simposio-linguagens-e-identidades-dana-amazonia-sul-ocidental-chega-ao-fim-e-anuncia-novo-ciclo-para-as-futuras-edicoes\/14955796_881835395250981_3265137480298970189_n\/\" border=\"0\" itemprop=\"url\"> <meta itemprop=\"width\" content=\"340\"> <meta itemprop=\"height\" content=\"226\"> <img decoding=\"async\" class=\"\" data-attachment-id=\"2362\" data-orig-file=\"https:\/\/posletrasufac.com\/wp-content\/uploads\/2016\/11\/14955796_881835395250981_3265137480298970189_n.jpg\" data-orig-size=\"960,640\" data-comments-opened=\"\" data-image-meta=\"{&quot;aperture&quot;:&quot;0&quot;,&quot;credit&quot;:&quot;&quot;,&quot;camera&quot;:&quot;&quot;,&quot;caption&quot;:&quot;&quot;,&quot;created_timestamp&quot;:&quot;0&quot;,&quot;copyright&quot;:&quot;&quot;,&quot;focal_length&quot;:&quot;0&quot;,&quot;iso&quot;:&quot;0&quot;,&quot;shutter_speed&quot;:&quot;0&quot;,&quot;title&quot;:&quot;&quot;,&quot;orientation&quot;:&quot;0&quot;}\" data-image-title=\"14955796_881835395250981_3265137480298970189_n\" data-image-description=\"\" data-medium-file=\"https:\/\/i0.wp.com\/posletrasufac.com\/wp-content\/uploads\/2016\/11\/14955796_881835395250981_3265137480298970189_n.jpg?fit=300%2C200&#038;ssl=1\" data-large-file=\"https:\/\/i0.wp.com\/posletrasufac.com\/wp-content\/uploads\/2016\/11\/14955796_881835395250981_3265137480298970189_n.jpg?fit=750%2C500&#038;ssl=1\" src=\"https:\/\/i0.wp.com\/posletrasufac.com\/wp-content\/uploads\/2016\/11\/14955796_881835395250981_3265137480298970189_n.jpg?w=340&#038;h=226&#038;ssl=1\" width=\"340\" height=\"226\" loading=\"lazy\" data-original-width=\"340\" data-original-height=\"226\" itemprop=\"http:\/\/schema.org\/image\" title=\"14955796_881835395250981_3265137480298970189_n\" alt=\"14955796_881835395250981_3265137480298970189_n\" style=\"width: 340px; height: 226px;\" \/> <\/a> <\/div> <\/div> <!-- close group --> <\/div> <!-- close row --> <div class=\"gallery-row\" style=\"width: 750px; height: 350px;\" data-original-width=\"750\" data-original-height=\"350\" > <div class=\"gallery-group images-1\" style=\"width: 523px; height: 350px;\" data-original-width=\"523\" data-original-height=\"350\" > <div class=\"tiled-gallery-item tiled-gallery-item-large\" itemprop=\"associatedMedia\" itemscope itemtype=\"http:\/\/schema.org\/ImageObject\"> <a href=\"https:\/\/posletrasufac.com\/en\/2016\/11\/12\/10o-simposio-linguagens-e-identidades-dana-amazonia-sul-ocidental-chega-ao-fim-e-anuncia-novo-ciclo-para-as-futuras-edicoes\/15027513_883244755110045_6249427409765335845_n\/\" border=\"0\" itemprop=\"url\"> <meta itemprop=\"width\" content=\"519\"> <meta itemprop=\"height\" content=\"346\"> <img decoding=\"async\" class=\"\" data-attachment-id=\"2367\" data-orig-file=\"https:\/\/posletrasufac.com\/wp-content\/uploads\/2016\/11\/15027513_883244755110045_6249427409765335845_n.jpg\" data-orig-size=\"920,613\" data-comments-opened=\"\" data-image-meta=\"{&quot;aperture&quot;:&quot;0&quot;,&quot;credit&quot;:&quot;Glauco Capper&quot;,&quot;camera&quot;:&quot;&quot;,&quot;caption&quot;:&quot;&quot;,&quot;created_timestamp&quot;:&quot;0&quot;,&quot;copyright&quot;:&quot;GLAUCO CAPPER&quot;,&quot;focal_length&quot;:&quot;0&quot;,&quot;iso&quot;:&quot;0&quot;,&quot;shutter_speed&quot;:&quot;0&quot;,&quot;title&quot;:&quot;&quot;,&quot;orientation&quot;:&quot;0&quot;}\" data-image-title=\"15027513_883244755110045_6249427409765335845_n\" data-image-description=\"\" data-medium-file=\"https:\/\/i0.wp.com\/posletrasufac.com\/wp-content\/uploads\/2016\/11\/15027513_883244755110045_6249427409765335845_n.jpg?fit=300%2C200&#038;ssl=1\" data-large-file=\"https:\/\/i0.wp.com\/posletrasufac.com\/wp-content\/uploads\/2016\/11\/15027513_883244755110045_6249427409765335845_n.jpg?fit=750%2C500&#038;ssl=1\" src=\"https:\/\/i0.wp.com\/posletrasufac.com\/wp-content\/uploads\/2016\/11\/15027513_883244755110045_6249427409765335845_n.jpg?w=519&#038;h=346&#038;ssl=1\" width=\"519\" height=\"346\" loading=\"lazy\" data-original-width=\"519\" data-original-height=\"346\" itemprop=\"http:\/\/schema.org\/image\" title=\"15027513_883244755110045_6249427409765335845_n\" alt=\"15027513_883244755110045_6249427409765335845_n\" style=\"width: 519px; height: 346px;\" \/> <\/a> <\/div> <\/div> <!-- close group --> <div class=\"gallery-group images-2\" style=\"width: 227px; height: 350px;\" data-original-width=\"227\" data-original-height=\"350\" > <div class=\"tiled-gallery-item tiled-gallery-item-small\" itemprop=\"associatedMedia\" itemscope itemtype=\"http:\/\/schema.org\/ImageObject\"> <a href=\"https:\/\/posletrasufac.com\/en\/2016\/11\/12\/10o-simposio-linguagens-e-identidades-dana-amazonia-sul-ocidental-chega-ao-fim-e-anuncia-novo-ciclo-para-as-futuras-edicoes\/15036340_881835075251013_2179853561337253941_n\/\" border=\"0\" itemprop=\"url\"> <meta itemprop=\"width\" content=\"223\"> <meta itemprop=\"height\" content=\"149\"> <img decoding=\"async\" class=\"\" data-attachment-id=\"2369\" data-orig-file=\"https:\/\/posletrasufac.com\/wp-content\/uploads\/2016\/11\/15036340_881835075251013_2179853561337253941_n.jpg\" data-orig-size=\"960,640\" data-comments-opened=\"\" data-image-meta=\"{&quot;aperture&quot;:&quot;0&quot;,&quot;credit&quot;:&quot;&quot;,&quot;camera&quot;:&quot;&quot;,&quot;caption&quot;:&quot;&quot;,&quot;created_timestamp&quot;:&quot;0&quot;,&quot;copyright&quot;:&quot;&quot;,&quot;focal_length&quot;:&quot;0&quot;,&quot;iso&quot;:&quot;0&quot;,&quot;shutter_speed&quot;:&quot;0&quot;,&quot;title&quot;:&quot;&quot;,&quot;orientation&quot;:&quot;0&quot;}\" data-image-title=\"15036340_881835075251013_2179853561337253941_n\" data-image-description=\"\" data-medium-file=\"https:\/\/i0.wp.com\/posletrasufac.com\/wp-content\/uploads\/2016\/11\/15036340_881835075251013_2179853561337253941_n.jpg?fit=300%2C200&#038;ssl=1\" data-large-file=\"https:\/\/i0.wp.com\/posletrasufac.com\/wp-content\/uploads\/2016\/11\/15036340_881835075251013_2179853561337253941_n.jpg?fit=750%2C500&#038;ssl=1\" src=\"https:\/\/i0.wp.com\/posletrasufac.com\/wp-content\/uploads\/2016\/11\/15036340_881835075251013_2179853561337253941_n.jpg?w=223&#038;h=149&#038;ssl=1\" width=\"223\" height=\"149\" loading=\"lazy\" data-original-width=\"223\" data-original-height=\"149\" itemprop=\"http:\/\/schema.org\/image\" title=\"15036340_881835075251013_2179853561337253941_n\" alt=\"15036340_881835075251013_2179853561337253941_n\" style=\"width: 223px; height: 149px;\" \/> <\/a> <\/div> <div class=\"tiled-gallery-item tiled-gallery-item-small\" itemprop=\"associatedMedia\" itemscope itemtype=\"http:\/\/schema.org\/ImageObject\"> <a href=\"https:\/\/posletrasufac.com\/en\/2016\/11\/12\/10o-simposio-linguagens-e-identidades-dana-amazonia-sul-ocidental-chega-ao-fim-e-anuncia-novo-ciclo-para-as-futuras-edicoes\/15079004_883244048443449_1894094160080932446_n\/\" border=\"0\" itemprop=\"url\"> <meta itemprop=\"width\" content=\"223\"> <meta itemprop=\"height\" content=\"193\"> <img decoding=\"async\" class=\"\" data-attachment-id=\"2375\" data-orig-file=\"https:\/\/posletrasufac.com\/wp-content\/uploads\/2016\/11\/15079004_883244048443449_1894094160080932446_n.jpg\" data-orig-size=\"960,828\" data-comments-opened=\"\" data-image-meta=\"{&quot;aperture&quot;:&quot;0&quot;,&quot;credit&quot;:&quot;&quot;,&quot;camera&quot;:&quot;&quot;,&quot;caption&quot;:&quot;&quot;,&quot;created_timestamp&quot;:&quot;0&quot;,&quot;copyright&quot;:&quot;&quot;,&quot;focal_length&quot;:&quot;0&quot;,&quot;iso&quot;:&quot;0&quot;,&quot;shutter_speed&quot;:&quot;0&quot;,&quot;title&quot;:&quot;&quot;,&quot;orientation&quot;:&quot;0&quot;}\" data-image-title=\"15079004_883244048443449_1894094160080932446_n\" data-image-description=\"\" data-medium-file=\"https:\/\/i0.wp.com\/posletrasufac.com\/wp-content\/uploads\/2016\/11\/15079004_883244048443449_1894094160080932446_n.jpg?fit=300%2C259&#038;ssl=1\" data-large-file=\"https:\/\/i0.wp.com\/posletrasufac.com\/wp-content\/uploads\/2016\/11\/15079004_883244048443449_1894094160080932446_n.jpg?fit=750%2C647&#038;ssl=1\" src=\"https:\/\/i0.wp.com\/posletrasufac.com\/wp-content\/uploads\/2016\/11\/15079004_883244048443449_1894094160080932446_n.jpg?w=223&#038;h=193&#038;ssl=1\" width=\"223\" height=\"193\" loading=\"lazy\" data-original-width=\"223\" data-original-height=\"193\" itemprop=\"http:\/\/schema.org\/image\" title=\"15079004_883244048443449_1894094160080932446_n\" alt=\"15079004_883244048443449_1894094160080932446_n\" style=\"width: 223px; height: 193px;\" \/> <\/a> <\/div> <\/div> <!-- close group --> <\/div> <!-- close row --> <div class=\"gallery-row\" style=\"width: 750px; height: 219px;\" data-original-width=\"750\" data-original-height=\"219\" > <div class=\"gallery-group images-1\" style=\"width: 387px; height: 219px;\" data-original-width=\"387\" data-original-height=\"219\" > <div class=\"tiled-gallery-item tiled-gallery-item-large\" itemprop=\"associatedMedia\" itemscope itemtype=\"http:\/\/schema.org\/ImageObject\"> <a href=\"https:\/\/posletrasufac.com\/en\/2016\/11\/12\/10o-simposio-linguagens-e-identidades-dana-amazonia-sul-ocidental-chega-ao-fim-e-anuncia-novo-ciclo-para-as-futuras-edicoes\/15027795_10207103784702624_8160476394746679980_n\/\" border=\"0\" itemprop=\"url\"> <meta itemprop=\"width\" content=\"383\"> <meta itemprop=\"height\" content=\"215\"> <img decoding=\"async\" class=\"\" data-attachment-id=\"2368\" data-orig-file=\"https:\/\/posletrasufac.com\/wp-content\/uploads\/2016\/11\/15027795_10207103784702624_8160476394746679980_n.jpg\" data-orig-size=\"960,540\" data-comments-opened=\"\" data-image-meta=\"{&quot;aperture&quot;:&quot;0&quot;,&quot;credit&quot;:&quot;&quot;,&quot;camera&quot;:&quot;&quot;,&quot;caption&quot;:&quot;&quot;,&quot;created_timestamp&quot;:&quot;0&quot;,&quot;copyright&quot;:&quot;&quot;,&quot;focal_length&quot;:&quot;0&quot;,&quot;iso&quot;:&quot;0&quot;,&quot;shutter_speed&quot;:&quot;0&quot;,&quot;title&quot;:&quot;&quot;,&quot;orientation&quot;:&quot;0&quot;}\" data-image-title=\"15027795_10207103784702624_8160476394746679980_n\" data-image-description=\"\" data-medium-file=\"https:\/\/i0.wp.com\/posletrasufac.com\/wp-content\/uploads\/2016\/11\/15027795_10207103784702624_8160476394746679980_n.jpg?fit=300%2C169&#038;ssl=1\" data-large-file=\"https:\/\/i0.wp.com\/posletrasufac.com\/wp-content\/uploads\/2016\/11\/15027795_10207103784702624_8160476394746679980_n.jpg?fit=750%2C422&#038;ssl=1\" src=\"https:\/\/i0.wp.com\/posletrasufac.com\/wp-content\/uploads\/2016\/11\/15027795_10207103784702624_8160476394746679980_n.jpg?w=383&#038;h=215&#038;ssl=1\" width=\"383\" height=\"215\" loading=\"lazy\" data-original-width=\"383\" data-original-height=\"215\" itemprop=\"http:\/\/schema.org\/image\" title=\"15027795_10207103784702624_8160476394746679980_n\" alt=\"15027795_10207103784702624_8160476394746679980_n\" style=\"width: 383px; height: 215px;\" \/> <\/a> <\/div> <\/div> <!-- close group --> <div class=\"gallery-group images-1\" style=\"width: 363px; height: 219px;\" data-original-width=\"363\" data-original-height=\"219\" > <div class=\"tiled-gallery-item tiled-gallery-item-large\" itemprop=\"associatedMedia\" itemscope itemtype=\"http:\/\/schema.org\/ImageObject\"> <a href=\"https:\/\/posletrasufac.com\/en\/2016\/11\/12\/10o-simposio-linguagens-e-identidades-dana-amazonia-sul-ocidental-chega-ao-fim-e-anuncia-novo-ciclo-para-as-futuras-edicoes\/15078572_10207103787022682_2477504833653718745_n\/\" border=\"0\" itemprop=\"url\"> <meta itemprop=\"width\" content=\"359\"> <meta itemprop=\"height\" content=\"215\"> <img decoding=\"async\" class=\"\" data-attachment-id=\"2374\" data-orig-file=\"https:\/\/posletrasufac.com\/wp-content\/uploads\/2016\/11\/15078572_10207103787022682_2477504833653718745_n.jpg\" data-orig-size=\"960,576\" data-comments-opened=\"\" data-image-meta=\"{&quot;aperture&quot;:&quot;0&quot;,&quot;credit&quot;:&quot;&quot;,&quot;camera&quot;:&quot;&quot;,&quot;caption&quot;:&quot;&quot;,&quot;created_timestamp&quot;:&quot;0&quot;,&quot;copyright&quot;:&quot;&quot;,&quot;focal_length&quot;:&quot;0&quot;,&quot;iso&quot;:&quot;0&quot;,&quot;shutter_speed&quot;:&quot;0&quot;,&quot;title&quot;:&quot;&quot;,&quot;orientation&quot;:&quot;0&quot;}\" data-image-title=\"15078572_10207103787022682_2477504833653718745_n\" data-image-description=\"\" data-medium-file=\"https:\/\/i0.wp.com\/posletrasufac.com\/wp-content\/uploads\/2016\/11\/15078572_10207103787022682_2477504833653718745_n.jpg?fit=300%2C180&#038;ssl=1\" data-large-file=\"https:\/\/i0.wp.com\/posletrasufac.com\/wp-content\/uploads\/2016\/11\/15078572_10207103787022682_2477504833653718745_n.jpg?fit=750%2C450&#038;ssl=1\" src=\"https:\/\/i0.wp.com\/posletrasufac.com\/wp-content\/uploads\/2016\/11\/15078572_10207103787022682_2477504833653718745_n.jpg?w=359&#038;h=215&#038;ssl=1\" width=\"359\" height=\"215\" loading=\"lazy\" data-original-width=\"359\" data-original-height=\"215\" itemprop=\"http:\/\/schema.org\/image\" title=\"15078572_10207103787022682_2477504833653718745_n\" alt=\"15078572_10207103787022682_2477504833653718745_n\" style=\"width: 359px; height: 215px;\" \/> <\/a> <\/div> <\/div> <!-- close group --> <\/div> <!-- close row --> <\/div>","protected":false},"excerpt":{"rendered":"<p>Ap\u00f3s cinco dias em que pesquisadores, professores, comunidade acad\u00eamica, estudantes de p\u00f3s-gradua\u00e7\u00e3o, dialogaram e debateram em torno do tema \u201cTr\u00e2nsitos p\u00f3s-coloniais e descolonialidade de saberes e sentidos\u201d, chega-se ao final do evento com in\u00fameras reflex\u00f5es sobre o tema, principalmente, sobre<\/p>","protected":false},"author":65883018,"featured_media":0,"comment_status":"closed","ping_status":"closed","sticky":false,"template":"","format":"standard","meta":{"_coblocks_attr":"","_coblocks_dimensions":"","_coblocks_responsive_height":"","_coblocks_accordion_ie_support":"","_crdt_document":"","advanced_seo_description":"","jetpack_seo_html_title":"","jetpack_seo_noindex":false,"_jetpack_newsletter_access":"","_jetpack_dont_email_post_to_subs":false,"_jetpack_newsletter_tier_id":0,"_jetpack_memberships_contains_paywalled_content":false,"_jetpack_memberships_contains_paid_content":false,"footnotes":"","jetpack_publicize_message":"","jetpack_publicize_feature_enabled":true,"jetpack_social_post_already_shared":false,"jetpack_social_options":{"image_generator_settings":{"template":"highway","default_image_id":0,"font":"","enabled":false},"version":2},"_wpas_customize_per_network":false,"jetpack_post_was_ever_published":false},"categories":[233475685],"tags":[],"class_list":["post-2357","post","type-post","status-publish","format-standard","hentry","category-ppgli"],"jetpack_publicize_connections":[],"jetpack_featured_media_url":"","jetpack_likes_enabled":false,"jetpack_sharing_enabled":true,"jetpack_shortlink":"https:\/\/wp.me\/p4Na16-C1","amp_enabled":true,"_links":{"self":[{"href":"https:\/\/posletrasufac.com\/en\/wp-json\/wp\/v2\/posts\/2357","targetHints":{"allow":["GET"]}}],"collection":[{"href":"https:\/\/posletrasufac.com\/en\/wp-json\/wp\/v2\/posts"}],"about":[{"href":"https:\/\/posletrasufac.com\/en\/wp-json\/wp\/v2\/types\/post"}],"author":[{"embeddable":true,"href":"https:\/\/posletrasufac.com\/en\/wp-json\/wp\/v2\/users\/65883018"}],"replies":[{"embeddable":true,"href":"https:\/\/posletrasufac.com\/en\/wp-json\/wp\/v2\/comments?post=2357"}],"version-history":[{"count":4,"href":"https:\/\/posletrasufac.com\/en\/wp-json\/wp\/v2\/posts\/2357\/revisions"}],"predecessor-version":[{"id":2376,"href":"https:\/\/posletrasufac.com\/en\/wp-json\/wp\/v2\/posts\/2357\/revisions\/2376"}],"wp:attachment":[{"href":"https:\/\/posletrasufac.com\/en\/wp-json\/wp\/v2\/media?parent=2357"}],"wp:term":[{"taxonomy":"category","embeddable":true,"href":"https:\/\/posletrasufac.com\/en\/wp-json\/wp\/v2\/categories?post=2357"},{"taxonomy":"post_tag","embeddable":true,"href":"https:\/\/posletrasufac.com\/en\/wp-json\/wp\/v2\/tags?post=2357"}],"curies":[{"name":"wp","href":"https:\/\/api.w.org\/{rel}","templated":true}]}}