{"id":2335,"date":"2016-11-07T08:12:42","date_gmt":"2016-11-07T13:12:42","guid":{"rendered":"http:\/\/posletrasufac.com\/?p=2335"},"modified":"2016-11-11T08:13:26","modified_gmt":"2016-11-11T13:13:26","slug":"iniciam-atividades-do-10o-simposio-de-linguagens-e-identidade-na-ufac","status":"publish","type":"post","link":"https:\/\/posletrasufac.com\/en\/2016\/11\/07\/iniciam-atividades-do-10o-simposio-de-linguagens-e-identidade-na-ufac\/","title":{"rendered":"Iniciam atividades do 10\u00ba Simp\u00f3sio de Linguagens e Identidade na Ufac"},"content":{"rendered":"<p><em>Em sua d\u00e9cima edi\u00e7\u00e3o, o simp\u00f3sio traz como tema, \u201cTr\u00e2nsitos p\u00f3s-coloniais e descolonialidade de saberes e sentidos\u201d<\/em><\/p>\n<p>O Programa de P\u00f3s-gradua\u00e7\u00e3o em Letras: Linguagens e Identidade da Universidade Federal do Acre (Ufac) deu in\u00edcio nesta segunda-feira, 7, no hall do audit\u00f3rio da P\u00f3s-gradua\u00e7\u00e3o, \u00e0s atividades do 10\u00ba Simp\u00f3sio de Linguagens e Identidade da\/na Amaz\u00f4nia Sul-Ocidental e o 8\u00ba Col\u00f3quio Internacional \u201cAs Amaz\u00f4nias, as \u00c1fricas e as \u00c1fricas Pan-Amaz\u00f4nica.<\/p>\n<p>Em sua d\u00e9cima edi\u00e7\u00e3o, o simp\u00f3sio traz como tema, \u201cTr\u00e2nsitos p\u00f3s-coloniais e descolonialidade de saberes e sentidos\u201d, cujo objetivo \u00e9 reafirmar a necessidade do pensamento e da reflex\u00e3o como elemento chave para problematizar conceitos cristalizados e marcados pela coloniza\u00e7\u00e3o que permeiam o seio da sociedade.<\/p>\n<p>Para a integrante do Conselho de Miss\u00f5es entre Povos Ind\u00edgenas (COMIN), Ana Patr\u00edcia Chaves, o Simp\u00f3sio se desenvolve em torno das pluralidades, pr\u00e1ticas e saberes dos povos da floresta, fronteiras e comunidades ind\u00edgenas, sendo uma oportunidade para quebrar preconceitos e adquirir mais conhecimentos acerca de todos os saberes.<\/p>\n<p>De acordo com o coordenador do Programa de P\u00f3s-Gradua\u00e7\u00e3o em Letras: Linguagem e Identidade e um dos coordenadores do evento, Gerson Albuquerque, o objetivo do evento \u00e9 manter o espa\u00e7o de interc\u00e2mbio de saberes entre alunos (gradua\u00e7\u00e3o e p\u00f3s-gradua\u00e7\u00e3o), professores, comunidade cient\u00edfica e a sociedade. \u201cO simp\u00f3sio \u00e9 um lugar de encontro, interc\u00e2mbio, saberes diferenciados. As experi\u00eancias desses encontros e os debates que eles geram s\u00e3o as maiores conquistas do evento\u201d, disse Albuquerque.<\/p>\n<p>O Simp\u00f3sio Linguagens e Identidades vem se consolidado, ao longo desses dez anos, como um dos espa\u00e7os de discuss\u00f5es, debates e divulga\u00e7\u00e3o de pesquisas realizadas na regi\u00e3o amaz\u00f4nica. A abrang\u00eancia internacional possibilita encontros e interc\u00e2mbios com pesquisadores de distintas institui\u00e7\u00f5es no cen\u00e1rio nacional e internacional.<\/p>\n<p>Com aproximadamente 500 trabalhos acad\u00eamicos inscritos, sendo 321 comunica\u00e7\u00f5es orais em Grupos de Trabalho e 155 comunica\u00e7\u00f5es orais em Sess\u00f5es Livres; 14 minicursos e 7 oficinas, evento \u00e9 gratuito e acontece at\u00e9 11 de novembro de 2016, no Hall do Bloco da P\u00f3s-Gradua\u00e7\u00e3o da Ufac.<\/p>\n<p>Postado em 7\/11\/2016.<\/p>","protected":false},"excerpt":{"rendered":"<p>Em sua d\u00e9cima edi\u00e7\u00e3o, o simp\u00f3sio traz como tema, \u201cTr\u00e2nsitos p\u00f3s-coloniais e descolonialidade de saberes e sentidos\u201d O Programa de P\u00f3s-gradua\u00e7\u00e3o em Letras: Linguagens e Identidade da Universidade Federal do Acre (Ufac) deu in\u00edcio nesta segunda-feira, 7, no hall do<\/p>","protected":false},"author":65883018,"featured_media":0,"comment_status":"closed","ping_status":"closed","sticky":false,"template":"","format":"standard","meta":{"_coblocks_attr":"","_coblocks_dimensions":"","_coblocks_responsive_height":"","_coblocks_accordion_ie_support":"","_crdt_document":"","advanced_seo_description":"","jetpack_seo_html_title":"","jetpack_seo_noindex":false,"_jetpack_newsletter_access":"","_jetpack_dont_email_post_to_subs":false,"_jetpack_newsletter_tier_id":0,"_jetpack_memberships_contains_paywalled_content":false,"_jetpack_memberships_contains_paid_content":false,"footnotes":"","jetpack_publicize_message":"","jetpack_publicize_feature_enabled":true,"jetpack_social_post_already_shared":false,"jetpack_social_options":{"image_generator_settings":{"template":"highway","default_image_id":0,"font":"","enabled":false},"version":2},"_wpas_customize_per_network":false,"jetpack_post_was_ever_published":false},"categories":[233475685],"tags":[],"class_list":["post-2335","post","type-post","status-publish","format-standard","hentry","category-ppgli"],"jetpack_publicize_connections":[],"jetpack_featured_media_url":"","jetpack_likes_enabled":false,"jetpack_sharing_enabled":true,"jetpack_shortlink":"https:\/\/wp.me\/p4Na16-BF","amp_enabled":true,"_links":{"self":[{"href":"https:\/\/posletrasufac.com\/en\/wp-json\/wp\/v2\/posts\/2335","targetHints":{"allow":["GET"]}}],"collection":[{"href":"https:\/\/posletrasufac.com\/en\/wp-json\/wp\/v2\/posts"}],"about":[{"href":"https:\/\/posletrasufac.com\/en\/wp-json\/wp\/v2\/types\/post"}],"author":[{"embeddable":true,"href":"https:\/\/posletrasufac.com\/en\/wp-json\/wp\/v2\/users\/65883018"}],"replies":[{"embeddable":true,"href":"https:\/\/posletrasufac.com\/en\/wp-json\/wp\/v2\/comments?post=2335"}],"version-history":[{"count":2,"href":"https:\/\/posletrasufac.com\/en\/wp-json\/wp\/v2\/posts\/2335\/revisions"}],"predecessor-version":[{"id":2337,"href":"https:\/\/posletrasufac.com\/en\/wp-json\/wp\/v2\/posts\/2335\/revisions\/2337"}],"wp:attachment":[{"href":"https:\/\/posletrasufac.com\/en\/wp-json\/wp\/v2\/media?parent=2335"}],"wp:term":[{"taxonomy":"category","embeddable":true,"href":"https:\/\/posletrasufac.com\/en\/wp-json\/wp\/v2\/categories?post=2335"},{"taxonomy":"post_tag","embeddable":true,"href":"https:\/\/posletrasufac.com\/en\/wp-json\/wp\/v2\/tags?post=2335"}],"curies":[{"name":"wp","href":"https:\/\/api.w.org\/{rel}","templated":true}]}}