{"id":2321,"date":"2016-11-06T20:35:45","date_gmt":"2016-11-07T01:35:45","guid":{"rendered":"http:\/\/posletrasufac.com\/?p=2321"},"modified":"2016-11-06T20:35:55","modified_gmt":"2016-11-07T01:35:55","slug":"comeca-nesta-segunda-feira-o-simposio-linguagens-e-identidades","status":"publish","type":"post","link":"https:\/\/posletrasufac.com\/en\/2016\/11\/06\/comeca-nesta-segunda-feira-o-simposio-linguagens-e-identidades\/","title":{"rendered":"Come\u00e7a nesta segunda-feira o Simp\u00f3sio Linguagens e Identidades"},"content":{"rendered":"<p><img data-recalc-dims=\"1\" loading=\"lazy\" decoding=\"async\" data-attachment-id=\"2320\" data-permalink=\"https:\/\/posletrasufac.com\/en\/convite-49\/\" data-orig-file=\"https:\/\/i0.wp.com\/posletrasufac.com\/wp-content\/uploads\/2016\/11\/convite.jpg?fit=2482%2C1750&amp;ssl=1\" data-orig-size=\"2482,1750\" data-comments-opened=\"0\" data-image-meta=\"{&quot;aperture&quot;:&quot;0&quot;,&quot;credit&quot;:&quot;Raquel&quot;,&quot;camera&quot;:&quot;&quot;,&quot;caption&quot;:&quot;&quot;,&quot;created_timestamp&quot;:&quot;0&quot;,&quot;copyright&quot;:&quot;&quot;,&quot;focal_length&quot;:&quot;0&quot;,&quot;iso&quot;:&quot;0&quot;,&quot;shutter_speed&quot;:&quot;0&quot;,&quot;title&quot;:&quot;&quot;,&quot;orientation&quot;:&quot;0&quot;}\" data-image-title=\"convite\" data-image-description=\"\" data-image-caption=\"\" data-large-file=\"https:\/\/i0.wp.com\/posletrasufac.com\/wp-content\/uploads\/2016\/11\/convite.jpg?fit=750%2C529&amp;ssl=1\" class=\"alignnone size-full wp-image-2320\" src=\"https:\/\/i0.wp.com\/posletrasufac.com\/wp-content\/uploads\/2016\/11\/convite.jpg?resize=750%2C529&#038;ssl=1\" alt=\"convite\" width=\"750\" height=\"529\" \/><\/p>\n<p>Com o objetivo de possibilitar reflex\u00f5es sobre as constru\u00e7\u00f5es identit\u00e1rias amaz\u00f4nicas e pan-amaz\u00f4nicas, a partir dos processos de coloniza\u00e7\u00e3o e seus movimentos decoloniais na regi\u00e3o, inicia nesta segunda-feira, 7, o 10\u00ba Simp\u00f3sio Linguagens e Identidades da\/na Amaz\u00f4nia Sul-Ocidental. O evento ser\u00e1 realizado na\u00a0Universidade Federal do Acre (Ufac), campus de Rio Branco, de 7 a 11 de novembro. A abertura ser\u00e1 \u00e0s 8h no hall do audit\u00f3rio\u00a0da P\u00f3s-Gradua\u00e7\u00e3o.<\/p>\n<p>Esta edi\u00e7\u00e3o tem como tema Tr\u00e2nsitos p\u00f3s-coloniais e decolonialidade de saberes e sentidos. \u201cEste ano estamos completando um ciclo pensado l\u00e1 no primeiro simp\u00f3sio, que era fazer 10 edi\u00e7\u00f5es dentro da Ufac, para depois tra\u00e7ar novos rumos e desafios, tornar o congresso itinerante, e expandir o evento para outras universidades brasileiras\u201d explica Carlos Andr\u00e9 de Melo, do comit\u00ea cient\u00edfico organizador.<\/p>\n<p>Melo comenta ainda que o simp\u00f3sio busca aproximar a sociedade da Universidade e criar espa\u00e7os onde as pesquisas acad\u00eamicas sejam difundidas. \u201c\u00c9 um evento que\u00a0busca possibilitar aos pesquisadores completar o ciclo\u00a0do que se entende como extens\u00e3o universit\u00e1ria, a realiza\u00e7\u00e3o de pesquisas, a apresenta\u00e7\u00e3o de seus resultados e, sua publica\u00e7\u00e3o e disponibiliza\u00e7\u00e3o p\u00fablica da maneira mais ampla poss\u00edvel\u201d, destaca.<\/p>\n<p><strong>Programa\u00e7\u00e3o<\/strong><\/p>\n<p>Ainda de acordo com a comiss\u00e3o,\u00a0o simp\u00f3sio re\u00fane uma programa\u00e7\u00e3o extensa, com atividades nos tr\u00eas turnos, todos os dias,\u00a0que v\u00e3o de sess\u00f5es tem\u00e1ticas, a apresenta\u00e7\u00f5es de trabalhos. S\u00f3 de artigos s\u00e3o aproximadamente 500. Sendo 321 Comunica\u00e7\u00f5es Orais em Grupos de Trabalho e 155 comunica\u00e7\u00f5es orais em Sess\u00f5es de Comunica\u00e7\u00f5es Livres. Como parte da programa\u00e7\u00e3o oficial, a Profa. Karylleila dos Santos Andrade, Doutora em Lingu\u00edstica pela Universidade de S\u00e3o Paulo, com experi\u00eancia no ensino do L\u00e9xico e em Onom\u00e1stica\/Topon\u00edmia, integrar\u00e1 a primeira Sess\u00e3o Tem\u00e1tica do evento intitulada \u201cTr\u00e2nsitos e circularidades de significantes e sentidos nas Amaz\u00f4nias e Am\u00e9ricas: a nomea\u00e7\u00e3o como ato de colonialidade\u201d.<\/p>\n<p><strong>Minicursos e Oficinas<\/strong><\/p>\n<p>Al\u00e9m disso, minicursos e oficinas com diferentes tem\u00e1ticas ser\u00e3o ofertadas gratuitamente. Antonieta Heyden Megale (Unicamp), que tem atua\u00e7\u00e3o em educa\u00e7\u00e3o bil\u00edngue, ensino aprendizagem de l\u00edngua estrangeira, identidades e multiculturalismo, e Fernanda Coelho Liberali, professora do Programa de Estudos P\u00f3s-Graduados em Lingu\u00edstica Aplicada da PUC-SP, ser\u00e3o ministrantes no simp\u00f3sio no Minicurso \u201cLinguagem e educa\u00e7\u00e3o em contextos de superdiversidade\u201d. Ainda, a literatura franc\u00f3fona, mem\u00f3ria, hist\u00f3ria oral, gram\u00e1tica em libras, m\u00fasica no universo ind\u00edgena, metodologia topon\u00edmica, gram\u00e1tica sist\u00eamico-funcional, dentre outros, s\u00e3o temas que estar\u00e3o presentes nos 14 minicursos e 7 oficinas do evento.<\/p>\n<p><strong>Inscri\u00e7\u00f5es<\/strong><\/p>\n<p>O evento \u00e9 aberto ao p\u00fablico. Para participar \u00e9 necess\u00e1rio fazer a inscri\u00e7\u00e3o presencialmente no dia 7, de manh\u00e3 ou \u00e0 tarde, no Hall do Bloco da P\u00f3s-Gradua\u00e7\u00e3o da Ufac.<\/p>\n<p>O Simp\u00f3sio Linguagens e Identidades tem se consolidado como um dos espa\u00e7os mais importantes de discuss\u00f5es, debates e divulga\u00e7\u00e3o de pesquisas realizadas na regi\u00e3o amaz\u00f4nica. Criado no ano de 2007, j\u00e1 faz parte do calend\u00e1rio da Universidade Federal do Acre e sua abrang\u00eancia internacional tem possibilitado encontros com pesquisadores de distintas institui\u00e7\u00f5es.<\/p>\n<p>Um simp\u00f3sio com status de congresso, articulando intelectuais e ativistas de movimentos sociais de diferentes localidades e nacionalidades, ora abrigando outros eventos como o Col\u00f3quio Internacional as Amaz\u00f4nias, as \u00c1fricas e as \u00c1fricas na Pan-Amaz\u00f4nia, ora desdobrando-se em semin\u00e1rios acad\u00eamicos ou pautando o aparecimento e organiza\u00e7\u00e3o de outros eventos na IFES.<\/p>\n<p>O evento \u00e9 uma realiza\u00e7\u00e3o da Ufac, por meio do Programa de P\u00f3s-Gradua\u00e7\u00e3o em Letras: Linguagens e Identidades.<\/p>\n<p>&nbsp;<\/p>","protected":false},"excerpt":{"rendered":"<p>Com o objetivo de possibilitar reflex\u00f5es sobre as constru\u00e7\u00f5es identit\u00e1rias amaz\u00f4nicas e pan-amaz\u00f4nicas, a partir dos processos de coloniza\u00e7\u00e3o e seus movimentos decoloniais na regi\u00e3o, inicia nesta segunda-feira, 7, o 10\u00ba Simp\u00f3sio Linguagens e Identidades da\/na Amaz\u00f4nia Sul-Ocidental. O evento<\/p>","protected":false},"author":65883018,"featured_media":0,"comment_status":"closed","ping_status":"closed","sticky":false,"template":"","format":"standard","meta":{"_coblocks_attr":"","_coblocks_dimensions":"","_coblocks_responsive_height":"","_coblocks_accordion_ie_support":"","_crdt_document":"","advanced_seo_description":"","jetpack_seo_html_title":"","jetpack_seo_noindex":false,"_jetpack_newsletter_access":"","_jetpack_dont_email_post_to_subs":false,"_jetpack_newsletter_tier_id":0,"_jetpack_memberships_contains_paywalled_content":false,"_jetpack_memberships_contains_paid_content":false,"footnotes":"","jetpack_publicize_message":"","jetpack_publicize_feature_enabled":true,"jetpack_social_post_already_shared":false,"jetpack_social_options":{"image_generator_settings":{"template":"highway","default_image_id":0,"font":"","enabled":false},"version":2},"_wpas_customize_per_network":false,"jetpack_post_was_ever_published":false},"categories":[233475685],"tags":[],"class_list":["post-2321","post","type-post","status-publish","format-standard","hentry","category-ppgli"],"jetpack_publicize_connections":[],"jetpack_featured_media_url":"","jetpack_likes_enabled":false,"jetpack_sharing_enabled":true,"jetpack_shortlink":"https:\/\/wp.me\/p4Na16-Br","amp_enabled":true,"_links":{"self":[{"href":"https:\/\/posletrasufac.com\/en\/wp-json\/wp\/v2\/posts\/2321","targetHints":{"allow":["GET"]}}],"collection":[{"href":"https:\/\/posletrasufac.com\/en\/wp-json\/wp\/v2\/posts"}],"about":[{"href":"https:\/\/posletrasufac.com\/en\/wp-json\/wp\/v2\/types\/post"}],"author":[{"embeddable":true,"href":"https:\/\/posletrasufac.com\/en\/wp-json\/wp\/v2\/users\/65883018"}],"replies":[{"embeddable":true,"href":"https:\/\/posletrasufac.com\/en\/wp-json\/wp\/v2\/comments?post=2321"}],"version-history":[{"count":3,"href":"https:\/\/posletrasufac.com\/en\/wp-json\/wp\/v2\/posts\/2321\/revisions"}],"predecessor-version":[{"id":2324,"href":"https:\/\/posletrasufac.com\/en\/wp-json\/wp\/v2\/posts\/2321\/revisions\/2324"}],"wp:attachment":[{"href":"https:\/\/posletrasufac.com\/en\/wp-json\/wp\/v2\/media?parent=2321"}],"wp:term":[{"taxonomy":"category","embeddable":true,"href":"https:\/\/posletrasufac.com\/en\/wp-json\/wp\/v2\/categories?post=2321"},{"taxonomy":"post_tag","embeddable":true,"href":"https:\/\/posletrasufac.com\/en\/wp-json\/wp\/v2\/tags?post=2321"}],"curies":[{"name":"wp","href":"https:\/\/api.w.org\/{rel}","templated":true}]}}