{"id":2134,"date":"2016-08-15T18:08:34","date_gmt":"2016-08-15T23:08:34","guid":{"rendered":"http:\/\/posletrasufac.com\/?p=2134"},"modified":"2016-08-15T19:07:03","modified_gmt":"2016-08-16T00:07:03","slug":"professores-e-alunos-da-ufac-apresentam-trabalhos-no-jalla-2016-em-la-paz","status":"publish","type":"post","link":"https:\/\/posletrasufac.com\/en\/2016\/08\/15\/professores-e-alunos-da-ufac-apresentam-trabalhos-no-jalla-2016-em-la-paz\/","title":{"rendered":"Professores e alunos da Ufac apresentam trabalhos no JALLA 2016 em La Paz"},"content":{"rendered":"<p><img data-recalc-dims=\"1\" loading=\"lazy\" decoding=\"async\" data-attachment-id=\"2145\" data-permalink=\"https:\/\/posletrasufac.com\/en\/2016\/08\/15\/professores-e-alunos-da-ufac-apresentam-trabalhos-no-jalla-2016-em-la-paz\/foto\/\" data-orig-file=\"https:\/\/i0.wp.com\/posletrasufac.com\/wp-content\/uploads\/2016\/08\/foto.jpg?fit=5152%2C3864&amp;ssl=1\" data-orig-size=\"5152,3864\" data-comments-opened=\"0\" data-image-meta=\"{&quot;aperture&quot;:&quot;3.2&quot;,&quot;credit&quot;:&quot;&quot;,&quot;camera&quot;:&quot;DSC-W800&quot;,&quot;caption&quot;:&quot;&quot;,&quot;created_timestamp&quot;:&quot;1470492163&quot;,&quot;copyright&quot;:&quot;Copyright 2009&quot;,&quot;focal_length&quot;:&quot;4.6&quot;,&quot;iso&quot;:&quot;100&quot;,&quot;shutter_speed&quot;:&quot;0.0025&quot;,&quot;title&quot;:&quot;&quot;,&quot;orientation&quot;:&quot;1&quot;}\" data-image-title=\"Foto\" data-image-description=\"\" data-image-caption=\"\" data-large-file=\"https:\/\/i0.wp.com\/posletrasufac.com\/wp-content\/uploads\/2016\/08\/foto.jpg?fit=750%2C563&amp;ssl=1\" class=\"size-full wp-image-2145 aligncenter\" src=\"https:\/\/i0.wp.com\/posletrasufac.com\/wp-content\/uploads\/2016\/08\/foto.jpg?resize=750%2C563&#038;ssl=1\" alt=\"Foto.jpg\" width=\"750\" height=\"563\" \/><\/p>\n<p>Mais de vinte professores e alunos da Universidade Federal do Acre (Ufac), vinculados, em grande parte, ao Programa de P\u00f3s-Gradua\u00e7\u00e3o em Letras: Linguagem e Identidade, apresentaram trabalhos na XII edi\u00e7\u00e3o bianual do Congresso das Jornadas Andinas de Literatura Latinoamericana (JALLA).<\/p>\n<p>Com o tema central: &#8220;Cultura e Literatura na\/e desde a Am\u00e9rica Latina no s\u00e9culo XXI: a sedu\u00e7\u00e3o est\u00e9tica de nossa Am\u00e9rica&#8221;, a edi\u00e7\u00e3o 2016 foi realizada na Universidad Mayor de San Andres, na cidade de La Paz, capital da Bol\u00edvia, de 8 a 12 de agosto.<\/p>\n<p>A delega\u00e7\u00e3o da Ufac foi a maior entre os grupos brasileiros que participaram do evento. Al\u00e9m de comunica\u00e7\u00f5es orais e mesas tem\u00e1ticas, os pesquisadores apresentaram resultados de estudos e pesquisas realizados no \u00e2mbito da Ufac em diferentes \u00e1reas.<\/p>\n<p><strong>Trabalhos<\/strong><\/p>\n<p>O Mestre em Letras: Linguagem e Identidade,\u00a0Jairo Souza, apresentou o trabalho \u201cContentious Border Narratives in Amazonian Bolivia and Brazil\u201d e destacou a pluralidade do evento e a import\u00e2ncia da JALLA para os estudos latinoamericanos:<\/p>\n<p>\u201cParticipar do JALLA \u00e9 estabelecer di\u00e1logo de culturas andinas e amaz\u00f4nidas como parte de um universo que possui mais la\u00e7os humanos e hist\u00f3ricos do que possamos imaginar. Apresentar um trabalho no JALLA foi estreitar esses la\u00e7os, falando de fronteiras e narrativas, ampliando o debate sobre os espa\u00e7os que ocupamos\u201d, conta.<\/p>\n<p>Outro trabalho apresentado como &#8220;pon\u00eancia individual&#8221; foi o da mestranda Andr\u00e9a Campelo, que tamb\u00e9m atua na Coordena\u00e7\u00e3o\u00a0Escolar Ind\u00edgena na Secretaria de Estado de Educa\u00e7\u00e3o e Esporte\/Acre, cujo t\u00edtulo foi &#8220;Linguagens em contato: um olhar sobre empr\u00e9stimo e\/ou substitui\u00e7\u00e3o lingu\u00edsticos na constru\u00e7\u00e3o das identidades do Povo Noke Ko\u00ee\/Katukina\u201d<\/p>\n<p>&#8220;O referido evento foi de suma import\u00e2ncia para ampliar minha rede de relacionamentos, uma vez que estou tendo a oportunidade de participar de um grupo de pesquisa sobre &#8216;Mitos Amaz\u00f4nicos&#8217; com pesquisadores do Par\u00e1 e de Rond\u00f4nia&#8221;, disse.<\/p>\n<p>O professor do Programa de P\u00f3s-gradua\u00e7\u00e3o em Letras: Linguagem e Identidade da Ufac, Marcello Messina, apresentou duas pon\u00eancias, uma em co-autoria com Jairo Souza e outra com Teresa Di Somma.<\/p>\n<p>&#8220;O Jalla \u00e9 um evento de tradi\u00e7\u00e3o hist\u00f3rica impressionante e atua declaradamente na linha\u00a0de um\u00a0pensamento decolonial e pela constru\u00e7\u00e3o coletiva e militante de uma\u00a0alternativa latinoamericana ao padr\u00e3o neoliberal e neocolonial de academia. Estou tamb\u00e9m extremamente feliz de poder participar da\u00a0continua\u00e7\u00e3o dessa hist\u00f3ria de luta aqui em Rio Branco, na UFAC, em 2018&#8221;, afirmou.<\/p>\n<p><strong>Mo\u00e7\u00e3o de rep\u00fadio<\/strong><\/p>\n<figure id=\"attachment_2147\" aria-describedby=\"caption-attachment-2147\" style=\"width: 4272px\" class=\"wp-caption alignnone\"><img data-recalc-dims=\"1\" loading=\"lazy\" decoding=\"async\" data-attachment-id=\"2147\" data-permalink=\"https:\/\/posletrasufac.com\/en\/2016\/08\/15\/professores-e-alunos-da-ufac-apresentam-trabalhos-no-jalla-2016-em-la-paz\/jalla-la-paz-176\/\" data-orig-file=\"https:\/\/i0.wp.com\/posletrasufac.com\/wp-content\/uploads\/2016\/08\/jalla-la-paz-176.jpg?fit=4272%2C2848&amp;ssl=1\" data-orig-size=\"4272,2848\" data-comments-opened=\"0\" data-image-meta=\"{&quot;aperture&quot;:&quot;4.5&quot;,&quot;credit&quot;:&quot;&quot;,&quot;camera&quot;:&quot;Canon EOS 1100D&quot;,&quot;caption&quot;:&quot;&quot;,&quot;created_timestamp&quot;:&quot;1471050402&quot;,&quot;copyright&quot;:&quot;&quot;,&quot;focal_length&quot;:&quot;33&quot;,&quot;iso&quot;:&quot;800&quot;,&quot;shutter_speed&quot;:&quot;0.016666666666667&quot;,&quot;title&quot;:&quot;&quot;,&quot;orientation&quot;:&quot;1&quot;}\" data-image-title=\"JALLA La Paz 176\" data-image-description=\"\" data-image-caption=\"\" data-large-file=\"https:\/\/i0.wp.com\/posletrasufac.com\/wp-content\/uploads\/2016\/08\/jalla-la-paz-176.jpg?fit=750%2C500&amp;ssl=1\" class=\"alignnone size-full wp-image-2147\" src=\"https:\/\/i0.wp.com\/posletrasufac.com\/wp-content\/uploads\/2016\/08\/jalla-la-paz-176.jpg?resize=750%2C500&#038;ssl=1\" alt=\"JALLA La Paz 176\" width=\"750\" height=\"500\" \/><figcaption id=\"caption-attachment-2147\" class=\"wp-caption-text\">Professores e alunos brasileiros protestam contra o golpe jur\u00eddico-parlamentar no Brasil.<\/figcaption><\/figure>\n<p>No \u00faltimo dia do evento, os congressistas aprovaram uma mo\u00e7\u00e3o de rep\u00fadio contra o \u2018golpe jur\u00eddico\/parlamentar no Brasil\u2019, que destitui do cargo a Presidente da Rep\u00fablica, Dilma Rousseff.<\/p>\n<p>&nbsp;<\/p>\n<p><strong>JALLA 2018 na Ufac<\/strong><\/p>\n<figure id=\"attachment_2156\" aria-describedby=\"caption-attachment-2156\" style=\"width: 4272px\" class=\"wp-caption alignnone\"><img data-recalc-dims=\"1\" loading=\"lazy\" decoding=\"async\" data-attachment-id=\"2156\" data-permalink=\"https:\/\/posletrasufac.com\/en\/2016\/08\/15\/professores-e-alunos-da-ufac-apresentam-trabalhos-no-jalla-2016-em-la-paz\/jalla-la-paz-202\/\" data-orig-file=\"https:\/\/i0.wp.com\/posletrasufac.com\/wp-content\/uploads\/2016\/08\/jalla-la-paz-202.jpg?fit=4272%2C2848&amp;ssl=1\" data-orig-size=\"4272,2848\" data-comments-opened=\"0\" data-image-meta=\"{&quot;aperture&quot;:&quot;5.6&quot;,&quot;credit&quot;:&quot;&quot;,&quot;camera&quot;:&quot;Canon EOS 1100D&quot;,&quot;caption&quot;:&quot;&quot;,&quot;created_timestamp&quot;:&quot;1471056689&quot;,&quot;copyright&quot;:&quot;&quot;,&quot;focal_length&quot;:&quot;55&quot;,&quot;iso&quot;:&quot;800&quot;,&quot;shutter_speed&quot;:&quot;0.016666666666667&quot;,&quot;title&quot;:&quot;&quot;,&quot;orientation&quot;:&quot;1&quot;}\" data-image-title=\"JALLA La Paz 202\" data-image-description=\"\" data-image-caption=\"&lt;p&gt;XII JALLA 2016, La Paz, Bol\u00edvia&lt;\/p&gt;\" data-large-file=\"https:\/\/i0.wp.com\/posletrasufac.com\/wp-content\/uploads\/2016\/08\/jalla-la-paz-202.jpg?fit=750%2C500&amp;ssl=1\" class=\"alignnone size-full wp-image-2156\" src=\"https:\/\/i0.wp.com\/posletrasufac.com\/wp-content\/uploads\/2016\/08\/jalla-la-paz-202.jpg?resize=750%2C500&#038;ssl=1\" alt=\"JALLA La Paz 202\" width=\"750\" height=\"500\" \/><figcaption id=\"caption-attachment-2156\" class=\"wp-caption-text\">XII JALLA 2016, La Paz, Bol\u00edvia<\/figcaption><\/figure>\n<p><strong>\u00a0<\/strong>O Congresso das Jornadas Andinas de Literatura Latinoamericana \u00e9\u00a0realizado a cada dois anos. Em 2018 a Ufac ser\u00e1 a universidade brasileira sede de realiza\u00e7\u00e3o do evento. O an\u00fancio oficial foi feito pelo Presidente do JALLA 2016, Prof. Guillermo Mariaca, durante a solenidade de encerramento do congresso.<\/p>\n<p>Para o Coordenador do Programa de P\u00f3s-Gradua\u00e7\u00e3o em Letras: Linguagem e Identidade da Ufac que \u00e9 tamb\u00e9m Secret\u00e1rio do JALLA no Brasil, Prof. Dr. Gerson Albuquerque, a escolha \u00e9 um reconhecimento para a comunidade acad\u00eamica acreana.<\/p>\n<p>\u201cEste acontecimento se constitui como algo de grande prest\u00edgio para esta institui\u00e7\u00e3o, especialmente frente ao fato de que, desde sua funda\u00e7\u00e3o, no ano de 1993, o JALLA tem se constitu\u00eddo em um dos mais importantes espa\u00e7os de di\u00e1logo, cria\u00e7\u00e3o e interc\u00e2mbios de latinoamericanistas realizados em territ\u00f3rio americano,\u201d destacou.<\/p>\n<p><strong>\u00a0<\/strong><strong>Trabalhos<\/strong><\/p>\n<p>Abaixo a rela\u00e7\u00e3o completa dos congressistas e seus respectivos trabalhos.<\/p>\n<ul>\n<li>Andrea Almeida Campelo, \u201cLinguagens em contato: um olhar sobre empr\u00e9stimo e\/ou substitui\u00e7\u00e3o lingu\u00edsticos na constru\u00e7\u00e3o das identidades do Povo Noke Ko\u00ee\/Katukina\u201d.<\/li>\n<li>Andressa Almeida de Souza Limeira e Gerson Rodrigues de Albuquerque, \u201cA \u2018desmedida da desmedida\u2019 na narrativa po\u00e9tica de Leoncio Bueno\u201d.<\/li>\n<li>Ant\u00f4nia Aparecida Lima Lopes, \u201cConstru\u00e7\u00e3o da linguagem oral e escrita na pr\u00e9-escola no contexto de letramento\u201d.<\/li>\n<li>Carlos Andr\u00e9 Alexandre de Melo, \u201cEdiney Azancoth: percursos de uma vida no palco\u201d.<\/li>\n<li>Francemilda Lopes do Nascimento, \u201cIdentidades em tr\u00e2nsito e hibridismo cultural em Eloy A\u00f1ez Mara\u00f1\u00f3n\u201d.<\/li>\n<li>Francisco Bento da Silva, \u201cA cidade de Cobija e os lugares de mem\u00f3rias da Revolu\u00e7\u00e3o Acreana\/Guerra do Acre\u201d.<\/li>\n<li>Gerson Rodrigues de Albuquerque, \u201cCorpos nus em cidades de papel na Amaz\u00f4nia acreana\u201d.<\/li>\n<li>Jamila Nascimento Pontes, \u201cDa lama \u00e0 poeira: dos processos criativos \u00e0 teatralidade do ator Lambada\u201d.<\/li>\n<li>Jes\u00fas Jos\u00e9 Diez Canseco Carranza, \u201cVariaciones sem\u00e1nticas en dos poemas vanguardistas de C\u00e9sar Vallejo. Una aproximaci\u00f3n a Trilce\u201d.<\/li>\n<li>Luciana Pereira Ogando, \u201cO ser\/estar\/tornar do professor em forma\u00e7\u00e3o: contribui\u00e7\u00f5es e reflex\u00f5es do est\u00e1gio supervisionado\u201d.<\/li>\n<li>Marcello Messina e Jairo de Araujo Souza, \u201cContentious Border Narratives in Amazonian Bolivia and Brazil\u201d.<\/li>\n<li>Raquel Alves Ishii, \u201cSilenciamentos e discursos da conquista: Henry Bates e expedi\u00e7\u00f5es cientificas na Amaz\u00f4nia do s\u00e9culo XIX\u201d.<\/li>\n<li>Simone da Silva Pinheiro, \u201cA colonialidade do ver: o papel da m\u00eddia na constru\u00e7\u00e3o do Programa de Ensino Asas da Florestania para as comunidades rurais do Acre\u201d.<\/li>\n<li>Simone da Silva Pinheiro, \u201cO local da Cultura no Programa de Ensino Asas da Florestania Para as Comunidades da Floresta Amaz\u00f4nica\u201d.<\/li>\n<li>Suelen Germano Costa, \u201cA m\u00fasica rural de Ant\u00f4nio Pedro, do imagin\u00e1rio \u00e0 representa\u00e7\u00e3o da cultura local: ao som do seringal\u201d.<\/li>\n<li>T\u00e2nia Mara Rezende Machado, \u201cArticula\u00e7\u00f5es culturais entre narrativas de artistas marginais e pr\u00e1ticas pedag\u00f3gicas refundadoras\u201d.<\/li>\n<li>Teresa Di Somma e Marcello Messina, \u201cMeanings lost in translation between Italy and Latin America in Yo no te pido la luna and No me ames\u201d<\/li>\n<li>Valda In\u00eas Fontenele Pessoa, \u201cTransito cultural e h\u00edbridos que conformam o curr\u00edculo: uma aproxima\u00e7\u00e3o\u201d.<\/li>\n<li>Walter Raelisson do Nascimento, Maria Jos\u00e9 da Silva Morais Costa e Vera L\u00facia de Magalh\u00e3es Bambirra, \u201cLeituras em tr\u00e2nsito: o trajeto ribeirinho\/professor\/pesquisador\/leitor\u201d.<\/li>\n<\/ul>\n<p>&nbsp;<\/p>\n<p class=\"jetpack-slideshow-noscript robots-nocontent\">This slideshow requires JavaScript.<\/p><div id=\"gallery-2134-1-slideshow\" class=\"jetpack-slideshow-window jetpack-slideshow jetpack-slideshow-black\" data-trans=\"fade\" data-autostart=\"1\" data-gallery=\"[{&quot;src&quot;:&quot;https:\\\/\\\/i0.wp.com\\\/posletrasufac.com\\\/wp-content\\\/uploads\\\/2016\\\/08\\\/img-20160809-wa0039.jpg?fit=960%2C1280\\u0026ssl=1&quot;,&quot;id&quot;:&quot;2142&quot;,&quot;title&quot;:&quot;IMG-20160809-WA0039&quot;,&quot;alt&quot;:&quot;&quot;,&quot;caption&quot;:&quot;XII JALLA 2016, La Paz, Bol\\u00edvia&quot;,&quot;itemprop&quot;:&quot;image&quot;},{&quot;src&quot;:&quot;https:\\\/\\\/i0.wp.com\\\/posletrasufac.com\\\/wp-content\\\/uploads\\\/2016\\\/08\\\/jalla-la-paz-131.jpg?fit=4272%2C2848\\u0026ssl=1&quot;,&quot;id&quot;:&quot;2153&quot;,&quot;title&quot;:&quot;JALLA La Paz 131&quot;,&quot;alt&quot;:&quot;&quot;,&quot;caption&quot;:&quot;XII JALLA 2016, La Paz, Bol\\u00edvia&quot;,&quot;itemprop&quot;:&quot;image&quot;},{&quot;src&quot;:&quot;https:\\\/\\\/i0.wp.com\\\/posletrasufac.com\\\/wp-content\\\/uploads\\\/2016\\\/08\\\/img_20160814_112842.jpg?fit=2007%2C2007\\u0026ssl=1&quot;,&quot;id&quot;:&quot;2141&quot;,&quot;title&quot;:&quot;IMG_20160814_112842&quot;,&quot;alt&quot;:&quot;&quot;,&quot;caption&quot;:&quot;XII JALLA 2016, La Paz, Bol\\u00edvia&quot;,&quot;itemprop&quot;:&quot;image&quot;},{&quot;src&quot;:&quot;https:\\\/\\\/i0.wp.com\\\/posletrasufac.com\\\/wp-content\\\/uploads\\\/2016\\\/08\\\/jalla-la-paz-107.jpg?fit=4272%2C2848\\u0026ssl=1&quot;,&quot;id&quot;:&quot;2152&quot;,&quot;title&quot;:&quot;JALLA La Paz 107&quot;,&quot;alt&quot;:&quot;&quot;,&quot;caption&quot;:&quot;XII JALLA 2016, La Paz, Bol\\u00edvia&quot;,&quot;itemprop&quot;:&quot;image&quot;},{&quot;src&quot;:&quot;https:\\\/\\\/i0.wp.com\\\/posletrasufac.com\\\/wp-content\\\/uploads\\\/2016\\\/08\\\/dsc_0338.jpg?fit=4512%2C3000\\u0026ssl=1&quot;,&quot;id&quot;:&quot;2140&quot;,&quot;title&quot;:&quot;DSC_0338&quot;,&quot;alt&quot;:&quot;&quot;,&quot;caption&quot;:&quot;XII JALLA 2016, La Paz, Bol\\u00edvia&quot;,&quot;itemprop&quot;:&quot;image&quot;},{&quot;src&quot;:&quot;https:\\\/\\\/i0.wp.com\\\/posletrasufac.com\\\/wp-content\\\/uploads\\\/2016\\\/08\\\/20160912_081004.jpg?fit=2560%2C1536\\u0026ssl=1&quot;,&quot;id&quot;:&quot;2139&quot;,&quot;title&quot;:&quot;20160912_081004&quot;,&quot;alt&quot;:&quot;&quot;,&quot;caption&quot;:&quot;XII JALLA 2016, La Paz, Bol\\u00edvia&quot;,&quot;itemprop&quot;:&quot;image&quot;},{&quot;src&quot;:&quot;https:\\\/\\\/i0.wp.com\\\/posletrasufac.com\\\/wp-content\\\/uploads\\\/2016\\\/08\\\/jalla-la-paz-468.jpg?fit=4272%2C2848\\u0026ssl=1&quot;,&quot;id&quot;:&quot;2160&quot;,&quot;title&quot;:&quot;JALLA La Paz 468&quot;,&quot;alt&quot;:&quot;&quot;,&quot;caption&quot;:&quot;XII JALLA 2016, La Paz, Bol\\u00edvia&quot;,&quot;itemprop&quot;:&quot;image&quot;},{&quot;src&quot;:&quot;https:\\\/\\\/i0.wp.com\\\/posletrasufac.com\\\/wp-content\\\/uploads\\\/2016\\\/08\\\/jalla-la-paz-206.jpg?fit=4272%2C2848\\u0026ssl=1&quot;,&quot;id&quot;:&quot;2157&quot;,&quot;title&quot;:&quot;JALLA La Paz 206&quot;,&quot;alt&quot;:&quot;&quot;,&quot;caption&quot;:&quot;XII JALLA 2016, La Paz, Bol\\u00edvia&quot;,&quot;itemprop&quot;:&quot;image&quot;},{&quot;src&quot;:&quot;https:\\\/\\\/i0.wp.com\\\/posletrasufac.com\\\/wp-content\\\/uploads\\\/2016\\\/08\\\/jalla-la-paz-202.jpg?fit=4272%2C2848\\u0026ssl=1&quot;,&quot;id&quot;:&quot;2156&quot;,&quot;title&quot;:&quot;JALLA La Paz 202&quot;,&quot;alt&quot;:&quot;&quot;,&quot;caption&quot;:&quot;XII JALLA 2016, La Paz, Bol\\u00edvia&quot;,&quot;itemprop&quot;:&quot;image&quot;},{&quot;src&quot;:&quot;https:\\\/\\\/i0.wp.com\\\/posletrasufac.com\\\/wp-content\\\/uploads\\\/2016\\\/08\\\/20160909_164018.jpg?fit=2560%2C1536\\u0026ssl=1&quot;,&quot;id&quot;:&quot;2162&quot;,&quot;title&quot;:&quot;20160909_164018&quot;,&quot;alt&quot;:&quot;&quot;,&quot;caption&quot;:&quot;XII JALLA 2016, La Paz, Bol\\u00edvia&quot;,&quot;itemprop&quot;:&quot;image&quot;},{&quot;src&quot;:&quot;https:\\\/\\\/i0.wp.com\\\/posletrasufac.com\\\/wp-content\\\/uploads\\\/2016\\\/08\\\/jalla-la-paz-159.jpg?fit=4272%2C2848\\u0026ssl=1&quot;,&quot;id&quot;:&quot;2155&quot;,&quot;title&quot;:&quot;JALLA La Paz 159&quot;,&quot;alt&quot;:&quot;&quot;,&quot;caption&quot;:&quot;XII JALLA 2016, La Paz, Bol\\u00edvia&quot;,&quot;itemprop&quot;:&quot;image&quot;},{&quot;src&quot;:&quot;https:\\\/\\\/i0.wp.com\\\/posletrasufac.com\\\/wp-content\\\/uploads\\\/2016\\\/08\\\/jalla-la-paz-151.jpg?fit=4272%2C2848\\u0026ssl=1&quot;,&quot;id&quot;:&quot;2154&quot;,&quot;title&quot;:&quot;JALLA La Paz 151&quot;,&quot;alt&quot;:&quot;&quot;,&quot;caption&quot;:&quot;XII JALLA 2016, La Paz, Bol\\u00edvia&quot;,&quot;itemprop&quot;:&quot;image&quot;},{&quot;src&quot;:&quot;https:\\\/\\\/i0.wp.com\\\/posletrasufac.com\\\/wp-content\\\/uploads\\\/2016\\\/08\\\/jalla-la-paz-010.jpg?fit=4272%2C2848\\u0026ssl=1&quot;,&quot;id&quot;:&quot;2149&quot;,&quot;title&quot;:&quot;JALLA La Paz 010&quot;,&quot;alt&quot;:&quot;&quot;,&quot;caption&quot;:&quot;XII JALLA 2016, La Paz, Bol\\u00edvia&quot;,&quot;itemprop&quot;:&quot;image&quot;},{&quot;src&quot;:&quot;https:\\\/\\\/i0.wp.com\\\/posletrasufac.com\\\/wp-content\\\/uploads\\\/2016\\\/08\\\/jalla-la-paz-471.jpg?fit=4272%2C2848\\u0026ssl=1&quot;,&quot;id&quot;:&quot;2161&quot;,&quot;title&quot;:&quot;JALLA La Paz 471&quot;,&quot;alt&quot;:&quot;&quot;,&quot;caption&quot;:&quot;XII JALLA 2016, La Paz, Bol\\u00edvia&quot;,&quot;itemprop&quot;:&quot;image&quot;},{&quot;src&quot;:&quot;https:\\\/\\\/i0.wp.com\\\/posletrasufac.com\\\/wp-content\\\/uploads\\\/2016\\\/08\\\/jalla-la-paz-390.jpg?fit=4272%2C2848\\u0026ssl=1&quot;,&quot;id&quot;:&quot;2159&quot;,&quot;title&quot;:&quot;JALLA La Paz 390&quot;,&quot;alt&quot;:&quot;&quot;,&quot;caption&quot;:&quot;XII JALLA 2016, La Paz, Bol\\u00edvia&quot;,&quot;itemprop&quot;:&quot;image&quot;},{&quot;src&quot;:&quot;https:\\\/\\\/i0.wp.com\\\/posletrasufac.com\\\/wp-content\\\/uploads\\\/2016\\\/08\\\/jalla-la-paz-208.jpg?fit=4272%2C2848\\u0026ssl=1&quot;,&quot;id&quot;:&quot;2158&quot;,&quot;title&quot;:&quot;JALLA La Paz 208&quot;,&quot;alt&quot;:&quot;&quot;,&quot;caption&quot;:&quot;XII JALLA 2016, La Paz, Bol\\u00edvia&quot;,&quot;itemprop&quot;:&quot;image&quot;},{&quot;src&quot;:&quot;https:\\\/\\\/i0.wp.com\\\/posletrasufac.com\\\/wp-content\\\/uploads\\\/2016\\\/08\\\/jalla-la-paz-020.jpg?fit=4272%2C2848\\u0026ssl=1&quot;,&quot;id&quot;:&quot;2150&quot;,&quot;title&quot;:&quot;JALLA La Paz 020&quot;,&quot;alt&quot;:&quot;&quot;,&quot;caption&quot;:&quot;XII JALLA 2016, La Paz, Bol\\u00edvia&quot;,&quot;itemprop&quot;:&quot;image&quot;},{&quot;src&quot;:&quot;https:\\\/\\\/i0.wp.com\\\/posletrasufac.com\\\/wp-content\\\/uploads\\\/2016\\\/08\\\/jalla-la-paz-062.jpg?fit=4272%2C2848\\u0026ssl=1&quot;,&quot;id&quot;:&quot;2151&quot;,&quot;title&quot;:&quot;JALLA La Paz 062&quot;,&quot;alt&quot;:&quot;&quot;,&quot;caption&quot;:&quot;XII JALLA 2016, La Paz, Bol\\u00edvia&quot;,&quot;itemprop&quot;:&quot;image&quot;}]\" itemscope itemtype=\"https:\/\/schema.org\/ImageGallery\"><\/div>\n<p>Confira aqui a Mo\u00e7\u00e3o de Rep\u00fadio aprovada no Congresso do JALLA 2016:<\/p>\n<p><strong>Mo\u00e7\u00e3o de rep\u00fadio contra o golpe jur\u00eddico\/parlamentar no Brasil<\/strong><\/p>\n<p>O Brasil \u00e9 um pa\u00eds de dimens\u00f5es continentais, de assimetrias profundas, de pluralidade de l\u00ednguas, culturas, seres humanos e n\u00e3o humanos, hist\u00f3rias e literaturas. Temos v\u00e1rias e diversas identidades, e todas em movimento, se misturando, se rejeitando, se atraindo, se encontrando na eterna condi\u00e7\u00e3o do \u201csendo\u201d, do qual nos falou o poeta e fil\u00f3sofo \u00c9douard Glissant.<\/p>\n<p>Por\u00e9m, vivemos tempos dif\u00edceis, tempos de invers\u00e3o de valores, tempos de espetaculariza\u00e7\u00e3o da pol\u00edtica e da justi\u00e7a, tempos em que o simulacro \u00e9 tomado como realidade e em que, na base de uma legalidade de fachada, uma governante leg\u00edtima \u00e9 derrubada e substitu\u00edda por um governante ileg\u00edtimo.<\/p>\n<p>S\u00e3o \u201ctempos sombrios\u201d, podemos dizer, lan\u00e7ando m\u00e3o das palavras de Hannah Arendt. Tempos nos quais temos sempre a obriga\u00e7\u00e3o de pensar algo e continuar fazendo perguntas e de responder para n\u00f3s mesmos e para aqueles que vir\u00e3o depois de n\u00f3s: \u201co que faremos, ent\u00e3o?\u201d<\/p>\n<p>A resposta? N\u00e3o temos como saber e, talvez, nem a encontremos. Mas devemos continuar indagando e ocupando e agindo no espa\u00e7o p\u00fablico em defesa do que \u00e9 de todos, em defesa da diferen\u00e7a (desde que ela n\u00e3o nos leve para novos guetos) e em defesa da igualdade (desde que ela n\u00e3o nos apague o direito \u00e0 diferen\u00e7a), em defesa da liberdade e dos amplos direitos democr\u00e1ticos.<\/p>\n<p>Devemos apostar na solidariedade, na defesa das dignidades humanas, em nossa eterna disposi\u00e7\u00e3o de come\u00e7ar de novo e, mesmo em tempos sombrios, retornamos a Arendt, ter o \u201cdireito de esperar alguma ilumina\u00e7\u00e3o e que tal ilumina\u00e7\u00e3o possa ser proveniente, menos de teorias e conceitos e mais da luz incerta, tr\u00eamula e, frequentemente, fraca que alguns homens e mulheres, nas suas vidas e obras, far\u00e3o brilhar em qualquer circunst\u00e2ncia e irradiar\u00e3o pelo tempo que lhes for dado na terra\u201d.<\/p>\n<p>Frente a essas considera\u00e7\u00f5es, n\u00f3s, professores, estudantes e pesquisadores, presentes nas XII Jornadas Andinas de Literatura Latimoamericana, realizadas na cidade de La Paz, Bol\u00edvia, manifestamos o nosso mais veemente rep\u00fadio \u00e0 farsa jur\u00eddico-parlamentar que, em um golpe de estado \u2013 sem armas \u2013 derrubou a Presidente legalmente eleita, Dilma Rousseff. Golpe de estado esse, iniciado por um processo de <em>impeachment<\/em> marcado por den\u00fancias de crimes de responsabilidade fiscal amplamente divulgadas pelos meios de comunica\u00e7\u00e3o de massa, mas, jamais comprovados contra a presidente deposta.<\/p>\n<p>Em defesa das liberdades democr\u00e1ticas e do estado de direito!<\/p>\n<p>Contra o golpe!<\/p>\n<p>Fora Temer!<\/p>\n<p>La Paz, 12 de agosto de 2016.<\/p>\n<p>&nbsp;<\/p>\n<p>&nbsp;<\/p>","protected":false},"excerpt":{"rendered":"<p>Mais de vinte professores e alunos da Universidade Federal do Acre (Ufac), vinculados, em grande parte, ao Programa de P\u00f3s-Gradua\u00e7\u00e3o em Letras: Linguagem e Identidade, apresentaram trabalhos na XII edi\u00e7\u00e3o bianual do Congresso das Jornadas Andinas de Literatura Latinoamericana (JALLA).<\/p>","protected":false},"author":65883018,"featured_media":0,"comment_status":"closed","ping_status":"closed","sticky":false,"template":"","format":"standard","meta":{"_coblocks_attr":"","_coblocks_dimensions":"","_coblocks_responsive_height":"","_coblocks_accordion_ie_support":"","_crdt_document":"","advanced_seo_description":"","jetpack_seo_html_title":"","jetpack_seo_noindex":false,"_jetpack_newsletter_access":"","_jetpack_dont_email_post_to_subs":false,"_jetpack_newsletter_tier_id":0,"_jetpack_memberships_contains_paywalled_content":false,"_jetpack_memberships_contains_paid_content":false,"footnotes":"","jetpack_publicize_message":"","jetpack_publicize_feature_enabled":true,"jetpack_social_post_already_shared":false,"jetpack_social_options":{"image_generator_settings":{"template":"highway","default_image_id":0,"font":"","enabled":false},"version":2},"_wpas_customize_per_network":false,"jetpack_post_was_ever_published":false},"categories":[233475685],"tags":[],"class_list":["post-2134","post","type-post","status-publish","format-standard","hentry","category-ppgli"],"jetpack_publicize_connections":[],"jetpack_featured_media_url":"","jetpack_likes_enabled":false,"jetpack_sharing_enabled":true,"jetpack_shortlink":"https:\/\/wp.me\/p4Na16-yq","amp_enabled":true,"_links":{"self":[{"href":"https:\/\/posletrasufac.com\/en\/wp-json\/wp\/v2\/posts\/2134","targetHints":{"allow":["GET"]}}],"collection":[{"href":"https:\/\/posletrasufac.com\/en\/wp-json\/wp\/v2\/posts"}],"about":[{"href":"https:\/\/posletrasufac.com\/en\/wp-json\/wp\/v2\/types\/post"}],"author":[{"embeddable":true,"href":"https:\/\/posletrasufac.com\/en\/wp-json\/wp\/v2\/users\/65883018"}],"replies":[{"embeddable":true,"href":"https:\/\/posletrasufac.com\/en\/wp-json\/wp\/v2\/comments?post=2134"}],"version-history":[{"count":25,"href":"https:\/\/posletrasufac.com\/en\/wp-json\/wp\/v2\/posts\/2134\/revisions"}],"predecessor-version":[{"id":2197,"href":"https:\/\/posletrasufac.com\/en\/wp-json\/wp\/v2\/posts\/2134\/revisions\/2197"}],"wp:attachment":[{"href":"https:\/\/posletrasufac.com\/en\/wp-json\/wp\/v2\/media?parent=2134"}],"wp:term":[{"taxonomy":"category","embeddable":true,"href":"https:\/\/posletrasufac.com\/en\/wp-json\/wp\/v2\/categories?post=2134"},{"taxonomy":"post_tag","embeddable":true,"href":"https:\/\/posletrasufac.com\/en\/wp-json\/wp\/v2\/tags?post=2134"}],"curies":[{"name":"wp","href":"https:\/\/api.w.org\/{rel}","templated":true}]}}