{"id":210,"date":"2014-09-23T12:38:22","date_gmt":"2014-09-23T17:38:22","guid":{"rendered":"http:\/\/posletrasufac.com\/?p=210"},"modified":"2014-09-23T12:38:22","modified_gmt":"2014-09-23T17:38:22","slug":"ufac-promove-1o-simposio-internacional-em-letras-no-campus-floresta","status":"publish","type":"post","link":"https:\/\/posletrasufac.com\/en\/2014\/09\/23\/ufac-promove-1o-simposio-internacional-em-letras-no-campus-floresta\/","title":{"rendered":"Ufac promove 1\u00ba Simp\u00f3sio Internacional em Letras, no campus Floresta"},"content":{"rendered":"<div id=\"parent-fieldname-description\" class=\"documentDescription\">Programa\u00e7\u00e3o inclui minicursos, comunica\u00e7\u00f5es de trabalhos cient\u00edficos, confer\u00eancias, mesas-redondas, oficinas e atividades culturais<\/div>\n<div id=\"content-core\">\n<div class=\"newsImageContainer\"><a id=\"parent-fieldname-image\" href=\"http:\/\/www.ufac.br\/portal\/news\/ufac-promove-1o-simposio-internacional-em-letras-no-campus-floresta\/image\/image_view_fullscreen\"><img loading=\"lazy\" decoding=\"async\" class=\"newsImage\" title=\"\" src=\"http:\/\/www.ufac.br\/portal\/news\/ufac-promove-1o-simposio-internacional-em-letras-no-campus-floresta\/image_banner\" alt=\"Ufac promove 1\u00ba Simp\u00f3sio Internacional em Letras, no campus Floresta\" width=\"700\" height=\"134\" \/><\/a><\/div>\n<div id=\"parent-fieldname-text\" class=\"plain\">\n<p>Com o tema \u201c25 anos entrela\u00e7ando educa\u00e7\u00e3o, signos e imagin\u00e1rios na floresta\u201d, a Universidade Federal do Acre (Ufac), campus Floresta, sedia, entre os dias 18 e 21 de novembro, o 1\u00ba Simp\u00f3sio Internacional em Letras (Simletras). O evento \u00e9 uma realiza\u00e7\u00e3o do Centro de Educa\u00e7\u00e3o e Letras (CEL) e do grupo de pesquisa C\u00edrculo de Estudos e Linguagens do Sudoeste Amaz\u00f4nico (Celsa).<\/p>\n<p>Pela primeira vez inserido no calend\u00e1rio de atividades formativas dos cursos de licenciatura em Letras de Cruzeiro do Sul (Portugu\u00eas, Ingl\u00eas e Espanhol), o Simletras configura-se como um espa\u00e7o de reflex\u00e3o das pr\u00e1ticas desenvolvidas pelos cursos sob a tr\u00edade ensino, pesquisa e extens\u00e3o. Um dos objetivos \u00e9 discutir o campo da forma\u00e7\u00e3o de professores, considerando, inclusive, as peculiaridades da regi\u00e3o.<\/p>\n<p>\u201cNosso principal objetivo \u00e9, sem d\u00favida, contribuir para o incremento da forma\u00e7\u00e3o docente por meio de a\u00e7\u00f5es acad\u00eamicas, cient\u00edficas e culturais voltadas para atividades que proporcionem uma reflex\u00e3o sobre o papel sociocultural do curso de licenciatura em Letras no vale do Juru\u00e1\u201d, afirmou a diretora do CEL, professora Maria Jos\u00e9 Costa.<\/p>\n<p>O evento tamb\u00e9m busca celebrar as a\u00e7\u00f5es das tr\u00eas licenciaturas, ampliando os la\u00e7os entre academia, escola e comunidade. \u201cN\u00f3s esperamos que a viv\u00eancia do encontro fa\u00e7a emergir possibilidades de parcerias que auxiliem a\u00a0comunidade acad\u00eamica na compreens\u00e3o do fen\u00f4meno educacional amaz\u00f4nico\u201d, disse Maria Jos\u00e9.<\/p>\n<p>Al\u00e9m dos pr\u00f3prios acad\u00eamicos de Letras, o Simletras \u00e9 voltado para professores e alunos da rede p\u00fablica do ensino b\u00e1sico e do ensino superior da regi\u00e3o do Vale do Juru\u00e1. Dentro da programa\u00e7\u00e3o est\u00e3o inclu\u00eddos minicursos, comunica\u00e7\u00f5es de trabalhos cient\u00edficos, confer\u00eancias, mesas-redondas, oficinas e atividades culturais diversas.<\/p>\n<p><b>Inscri\u00e7\u00f5es<\/b><\/p>\n<p>Participantes inscritos at\u00e9 o pr\u00f3ximo dia 30 t\u00eam direito de enviar resumos para apresenta\u00e7\u00e3o de comunica\u00e7\u00e3o oral e p\u00f4ster. As primeiras inscri\u00e7\u00f5es tamb\u00e9m garantem participa\u00e7\u00e3o em um minicurso ou uma oficina (vagas limitadas). O valor de cada inscri\u00e7\u00e3o varia de acordo com a categoria do interessado.<\/p>\n<p><i>Aluno de Gradua\u00e7\u00e3o e P\u00f3s-gradua\u00e7\u00e3o:<\/i><i><\/i><\/p>\n<ul>\n<li>at\u00e9 30\/9 &#8211; valor: R$ 30<\/li>\n<li>do dia 1\/10 a 31\/10 &#8211; valor: R$ 40<\/li>\n<li>do dia 1\/11 a 22\/11 &#8211; valor: R$ 50<\/li>\n<\/ul>\n<p><strong><i>Pesquisador e Professor do Ensino Superior<\/i><\/strong><b><i><\/i><\/b><\/p>\n<ul>\n<li>at\u00e9 30\/9 &#8211; valor: R$ 50<\/li>\n<li>do dia 1\/10 a 31\/10 &#8211; valor: R$ 60<\/li>\n<li>do dia 1\/11 a 22\/11 &#8211; valor: R$ 80<\/li>\n<\/ul>\n<p><strong><i>Pesquisador e Professor do Ensino b\u00e1sico<\/i><\/strong><b><i><\/i><\/b><\/p>\n<ul>\n<li>at\u00e9 30\/9 &#8211; inscri\u00e7\u00e3o gratuita on-line<\/li>\n<li>do dia 1\/10 a 31\/10\/2014 &#8211; valor: R$ 40<\/li>\n<li>do dia 1\/11 a 22\/11\/2014 &#8211; valor: R$ 50<\/li>\n<\/ul>\n<p><strong><i>Outros Participantes<\/i><\/strong><b><i><\/i><\/b><\/p>\n<ul>\n<li>at\u00e9 30\/9 &#8211; valor: R$ 50<\/li>\n<li>do dia 1\/10 a 31\/10 &#8211; valor: R$ 80<\/li>\n<li>do dia 1\/11 a 22\/11 &#8211; valor: R$ 100<\/li>\n<\/ul>\n<p>Informa\u00e7\u00f5es detalhadas sobre o 1\u00ba Simletras podem ser acessadas atrav\u00e9s do site do evento:<a href=\"http:\/\/www.simletras.com.br\/event\/1simletras\/site\/content\/inicio\" target=\"_blank\">http:\/\/www.simletras.com.br\/event\/1simletras\/site\/content\/inicio<\/a><\/p>\n<p><i>Postado em: 22\/9\/2014<\/i><\/p>\n<p>Fonte:<a href=\"http:\/\/www.ufac.br\/portal\/news\/ufac-promove-1o-simposio-internacional-em-letras-no-campus-floresta\"> ASCOM\/UFAC<\/a><\/p>\n<\/div>\n<\/div>","protected":false},"excerpt":{"rendered":"<p>Programa\u00e7\u00e3o inclui minicursos, comunica\u00e7\u00f5es de trabalhos cient\u00edficos, confer\u00eancias, mesas-redondas, oficinas e atividades culturais Com o tema \u201c25 anos entrela\u00e7ando educa\u00e7\u00e3o, signos e imagin\u00e1rios na floresta\u201d, a Universidade Federal do Acre (Ufac), campus Floresta, sedia, entre os dias 18 e 21<\/p>","protected":false},"author":65883018,"featured_media":0,"comment_status":"closed","ping_status":"closed","sticky":false,"template":"","format":"standard","meta":{"_coblocks_attr":"","_coblocks_dimensions":"","_coblocks_responsive_height":"","_coblocks_accordion_ie_support":"","_crdt_document":"","advanced_seo_description":"","jetpack_seo_html_title":"","jetpack_seo_noindex":false,"_jetpack_newsletter_access":"","_jetpack_dont_email_post_to_subs":false,"_jetpack_newsletter_tier_id":0,"_jetpack_memberships_contains_paywalled_content":false,"_jetpack_memberships_contains_paid_content":false,"footnotes":"","jetpack_publicize_message":"Ufac promove 1\u00ba Simp\u00f3sio Internacional em Letras, no campus Floresta","jetpack_publicize_feature_enabled":true,"jetpack_social_post_already_shared":false,"jetpack_social_options":{"image_generator_settings":{"template":"highway","default_image_id":0,"font":"","enabled":false},"version":2},"_wpas_customize_per_network":false,"jetpack_post_was_ever_published":false},"categories":[5078],"tags":[],"class_list":["post-210","post","type-post","status-publish","format-standard","hentry","category-sem-categoria"],"jetpack_publicize_connections":[],"jetpack_featured_media_url":"","jetpack_likes_enabled":false,"jetpack_sharing_enabled":true,"jetpack_shortlink":"https:\/\/wp.me\/p4Na16-3o","amp_enabled":true,"_links":{"self":[{"href":"https:\/\/posletrasufac.com\/en\/wp-json\/wp\/v2\/posts\/210","targetHints":{"allow":["GET"]}}],"collection":[{"href":"https:\/\/posletrasufac.com\/en\/wp-json\/wp\/v2\/posts"}],"about":[{"href":"https:\/\/posletrasufac.com\/en\/wp-json\/wp\/v2\/types\/post"}],"author":[{"embeddable":true,"href":"https:\/\/posletrasufac.com\/en\/wp-json\/wp\/v2\/users\/65883018"}],"replies":[{"embeddable":true,"href":"https:\/\/posletrasufac.com\/en\/wp-json\/wp\/v2\/comments?post=210"}],"version-history":[{"count":1,"href":"https:\/\/posletrasufac.com\/en\/wp-json\/wp\/v2\/posts\/210\/revisions"}],"predecessor-version":[{"id":211,"href":"https:\/\/posletrasufac.com\/en\/wp-json\/wp\/v2\/posts\/210\/revisions\/211"}],"wp:attachment":[{"href":"https:\/\/posletrasufac.com\/en\/wp-json\/wp\/v2\/media?parent=210"}],"wp:term":[{"taxonomy":"category","embeddable":true,"href":"https:\/\/posletrasufac.com\/en\/wp-json\/wp\/v2\/categories?post=210"},{"taxonomy":"post_tag","embeddable":true,"href":"https:\/\/posletrasufac.com\/en\/wp-json\/wp\/v2\/tags?post=210"}],"curies":[{"name":"wp","href":"https:\/\/api.w.org\/{rel}","templated":true}]}}