{"id":2058,"date":"2016-07-18T18:26:22","date_gmt":"2016-07-18T23:26:22","guid":{"rendered":"http:\/\/posletrasufac.com\/?p=2058"},"modified":"2016-07-18T20:34:38","modified_gmt":"2016-07-19T01:34:38","slug":"perspectivas-para-o-ensino-de-linguas-e-tema-de-livro-lancado-na-ufac","status":"publish","type":"post","link":"https:\/\/posletrasufac.com\/en\/2016\/07\/18\/perspectivas-para-o-ensino-de-linguas-e-tema-de-livro-lancado-na-ufac\/","title":{"rendered":"Perspectivas para o ensino de l\u00ednguas \u00e9 tema de livro lan\u00e7ado na Ufac"},"content":{"rendered":"<p class=\"jetpack-slideshow-noscript robots-nocontent\">This slideshow requires JavaScript.<\/p><div id=\"gallery-2058-1-slideshow\" class=\"jetpack-slideshow-window jetpack-slideshow jetpack-slideshow-black\" data-trans=\"fade\" data-autostart=\"1\" data-gallery=\"[{&quot;src&quot;:&quot;https:\\\/\\\/i0.wp.com\\\/posletrasufac.com\\\/wp-content\\\/uploads\\\/2016\\\/07\\\/img_6164.jpg?fit=4608%2C3456\\u0026ssl=1&quot;,&quot;id&quot;:&quot;2062&quot;,&quot;title&quot;:&quot;IMG_6164&quot;,&quot;alt&quot;:&quot;&quot;,&quot;caption&quot;:&quot;&quot;,&quot;itemprop&quot;:&quot;image&quot;},{&quot;src&quot;:&quot;https:\\\/\\\/i0.wp.com\\\/posletrasufac.com\\\/wp-content\\\/uploads\\\/2016\\\/07\\\/img_6156.jpg?fit=4608%2C3456\\u0026ssl=1&quot;,&quot;id&quot;:&quot;2061&quot;,&quot;title&quot;:&quot;IMG_6156&quot;,&quot;alt&quot;:&quot;&quot;,&quot;caption&quot;:&quot;&quot;,&quot;itemprop&quot;:&quot;image&quot;},{&quot;src&quot;:&quot;https:\\\/\\\/i0.wp.com\\\/posletrasufac.com\\\/wp-content\\\/uploads\\\/2016\\\/07\\\/img_6167.jpg?fit=4608%2C3456\\u0026ssl=1&quot;,&quot;id&quot;:&quot;2063&quot;,&quot;title&quot;:&quot;IMG_6167&quot;,&quot;alt&quot;:&quot;&quot;,&quot;caption&quot;:&quot;&quot;,&quot;itemprop&quot;:&quot;image&quot;},{&quot;src&quot;:&quot;https:\\\/\\\/i0.wp.com\\\/posletrasufac.com\\\/wp-content\\\/uploads\\\/2016\\\/07\\\/img_6144.jpg?fit=4608%2C3456\\u0026ssl=1&quot;,&quot;id&quot;:&quot;2060&quot;,&quot;title&quot;:&quot;IMG_6144&quot;,&quot;alt&quot;:&quot;&quot;,&quot;caption&quot;:&quot;&quot;,&quot;itemprop&quot;:&quot;image&quot;}]\" itemscope itemtype=\"https:\/\/schema.org\/ImageGallery\"><\/div>\n<p>\u201c\u00c9 um sonho que se torna realidade. Conseguimos escrever um livro e hoje ele est\u00e1 chegando ao conhecimento do p\u00fablico\u201d, essas palavras foram proferidas pelo professor Alexandre de Sousa, docente do quadro permanente do PPGLI-UFAC, durante o lan\u00e7amento do livro digital, \u201cPerspectivas para o ensino de l\u00ednguas\u201d realizado na biblioteca p\u00fablica da Universidade Federal do Acre (Ufac), na \u00faltima sexta, 15 de agosto.<\/p>\n<p>Sousa \u00e9 um dos tr\u00eas autores do livro que traz discuss\u00f5es e sugest\u00f5es sobre o ensino da l\u00edngua portuguesa na atualidade.\u00a0 Al\u00e9m dele, a obra tem a colabora\u00e7\u00e3o das professoras Rosane Garcia e Tatiane dos Santos, do Centro de Centro de Educa\u00e7\u00e3o, Letras e Artes.<\/p>\n<p>Estudantes, amigos e familiares dos escritores participaram do lan\u00e7amento. Marcaram presen\u00e7a tamb\u00e9m a Vice- Reitora da Ufac, Guida Aquino e o Pr\u00f3-Reitor de Pesquisa e Gradua\u00e7\u00e3o, Josimar Batista.<\/p>\n<p><strong>\u00a0\u201cPerspectivas para o ensino de l\u00ednguas\u201d<\/strong><\/p>\n<p>A obra tem 116 p\u00e1ginas e est\u00e1 organizada em sete cap\u00edtulos. O novo acordo ortogr\u00e1fico, letramento escolar e an\u00e1lise ling\u00fc\u00edstica s\u00e3o alguns dos temas abordados.<\/p>\n<p>O livro \u00e9 uma publica\u00e7\u00e3o da Editora da Ufac (Edufac) e \u00e9 resultado de estudos desenvolvidos por pesquisadores, professores e estudantes de inicia\u00e7\u00e3o cient\u00edfica e p\u00f3s- gradua\u00e7\u00e3o da Ufac.<\/p>\n<p>A vers\u00e3o digital est\u00e1 dispon\u00edvel para acesso no endere\u00e7o eletr\u00f4nico da editora: <a href=\"https:\/\/issuu.com\/edufac\/docs\/perspectivas_para_o_ensino_de_li__n\">https:\/\/issuu.com\/edufac\/docs\/perspectivas_para_o_ensino_de_li__n<\/a><\/p>\n<p>ASCOM\/GPHCLIM<\/p>","protected":false},"excerpt":{"rendered":"<p>\u201c\u00c9 um sonho que se torna realidade. Conseguimos escrever um livro e hoje ele est\u00e1 chegando ao conhecimento do p\u00fablico\u201d, essas palavras foram proferidas pelo professor Alexandre de Sousa, docente do quadro permanente do PPGLI-UFAC, durante o lan\u00e7amento do livro<\/p>","protected":false},"author":65883018,"featured_media":0,"comment_status":"closed","ping_status":"closed","sticky":false,"template":"","format":"standard","meta":{"_coblocks_attr":"","_coblocks_dimensions":"","_coblocks_responsive_height":"","_coblocks_accordion_ie_support":"","_crdt_document":"","advanced_seo_description":"","jetpack_seo_html_title":"","jetpack_seo_noindex":false,"_jetpack_newsletter_access":"","_jetpack_dont_email_post_to_subs":false,"_jetpack_newsletter_tier_id":0,"_jetpack_memberships_contains_paywalled_content":false,"_jetpack_memberships_contains_paid_content":false,"footnotes":"","jetpack_publicize_message":"","jetpack_publicize_feature_enabled":true,"jetpack_social_post_already_shared":false,"jetpack_social_options":{"image_generator_settings":{"template":"highway","default_image_id":0,"font":"","enabled":false},"version":2},"_wpas_customize_per_network":false,"jetpack_post_was_ever_published":false},"categories":[233475685],"tags":[],"class_list":["post-2058","post","type-post","status-publish","format-standard","hentry","category-ppgli"],"jetpack_publicize_connections":[],"jetpack_featured_media_url":"","jetpack_likes_enabled":false,"jetpack_sharing_enabled":true,"jetpack_shortlink":"https:\/\/wp.me\/p4Na16-xc","amp_enabled":true,"_links":{"self":[{"href":"https:\/\/posletrasufac.com\/en\/wp-json\/wp\/v2\/posts\/2058","targetHints":{"allow":["GET"]}}],"collection":[{"href":"https:\/\/posletrasufac.com\/en\/wp-json\/wp\/v2\/posts"}],"about":[{"href":"https:\/\/posletrasufac.com\/en\/wp-json\/wp\/v2\/types\/post"}],"author":[{"embeddable":true,"href":"https:\/\/posletrasufac.com\/en\/wp-json\/wp\/v2\/users\/65883018"}],"replies":[{"embeddable":true,"href":"https:\/\/posletrasufac.com\/en\/wp-json\/wp\/v2\/comments?post=2058"}],"version-history":[{"count":6,"href":"https:\/\/posletrasufac.com\/en\/wp-json\/wp\/v2\/posts\/2058\/revisions"}],"predecessor-version":[{"id":2068,"href":"https:\/\/posletrasufac.com\/en\/wp-json\/wp\/v2\/posts\/2058\/revisions\/2068"}],"wp:attachment":[{"href":"https:\/\/posletrasufac.com\/en\/wp-json\/wp\/v2\/media?parent=2058"}],"wp:term":[{"taxonomy":"category","embeddable":true,"href":"https:\/\/posletrasufac.com\/en\/wp-json\/wp\/v2\/categories?post=2058"},{"taxonomy":"post_tag","embeddable":true,"href":"https:\/\/posletrasufac.com\/en\/wp-json\/wp\/v2\/tags?post=2058"}],"curies":[{"name":"wp","href":"https:\/\/api.w.org\/{rel}","templated":true}]}}