{"id":193,"date":"2014-08-22T16:38:07","date_gmt":"2014-08-22T21:38:07","guid":{"rendered":"http:\/\/posletrasufac.com\/2014\/08\/22\/identidade-de-coordenador-pedagogico-e-tema-de-dissertacao-defendida-no-ppgli\/"},"modified":"2014-08-22T19:38:17","modified_gmt":"2014-08-23T00:38:17","slug":"identidade-de-coordenador-pedagogico-e-tema-de-dissertacao-defendida-no-ppgli","status":"publish","type":"post","link":"https:\/\/posletrasufac.com\/en\/2014\/08\/22\/identidade-de-coordenador-pedagogico-e-tema-de-dissertacao-defendida-no-ppgli\/","title":{"rendered":"Identidade de coordenador pedag\u00f3gico \u00e9 tema de disserta\u00e7\u00e3o defendida no PPGLI"},"content":{"rendered":"<p>Aconteceu hoje a defesa da mestranda\u00a0Egina Carli de Ara\u00fajo Rodrigues Carneiro, cujo t\u00edtulo da disserta\u00e7\u00e3o \u00e9 \u00a0A IDENTIDADE PROFISSIONAL DO COORDENADOR PEDAG\u00d3GICO DA REDE\u00a0P\u00daBLICA ESTADUAL DE RIO BRANCO: ENTRE AS NORMATIZA\u00c7\u00d5ES LEGAIS E A PR\u00c1TICA COTIDIANA.\u00a0<\/p>\n<p>Participaram da Banca Examinadora: a Professora Doutora T\u00e2nia Mara Rezende Machado \u2013 Presidente\/Orientadora \u2013 UFAC, a Professora Doutora Luciete Basto de Andrade Albuquerque \u2013 Membro Interno &#8211; UFAC e a Professora Doutora Maristela Rosso Walker \u2013 Membro Externo &#8211; UTFPR.<\/p>\n<p>Em breve a disserta\u00e7\u00e3o estar\u00e1 dispon\u00edvel em nosso banco de dados on-line.<\/p>\n<div class=\"tiled-gallery type-rectangular tiled-gallery-unresized\" data-original-width=\"750\" data-carousel-extra='{&quot;blog_id&quot;:1,&quot;permalink&quot;:&quot;https:\\\/\\\/posletrasufac.com\\\/en\\\/2014\\\/08\\\/22\\\/identidade-de-coordenador-pedagogico-e-tema-de-dissertacao-defendida-no-ppgli\\\/&quot;,&quot;likes_blog_id&quot;:70821924}' itemscope itemtype=\"http:\/\/schema.org\/ImageGallery\" > <div class=\"gallery-row\" style=\"width: 750px; height: 376px;\" data-original-width=\"750\" data-original-height=\"376\" > <div class=\"gallery-group images-1\" style=\"width: 500px; height: 376px;\" data-original-width=\"500\" data-original-height=\"376\" > <div class=\"tiled-gallery-item tiled-gallery-item-large\" itemprop=\"associatedMedia\" itemscope itemtype=\"http:\/\/schema.org\/ImageObject\"> <a href=\"https:\/\/posletrasufac.com\/en\/escola-da-maria-clara-e-defesa-da-egina-205\/\" border=\"0\" itemprop=\"url\"> <meta itemprop=\"width\" content=\"496\"> <meta itemprop=\"height\" content=\"372\"> <img decoding=\"async\" class=\"\" data-attachment-id=\"192\" data-orig-file=\"https:\/\/posletrasufac.com\/wp-content\/uploads\/2014\/08\/escola-da-maria-clara-e-defesa-da-egina-205.jpg\" data-orig-size=\"4000,3000\" data-comments-opened=\"\" data-image-meta=\"{&quot;aperture&quot;:&quot;2.2&quot;,&quot;credit&quot;:&quot;&quot;,&quot;camera&quot;:&quot;Canon PowerShot G15&quot;,&quot;caption&quot;:&quot;&quot;,&quot;created_timestamp&quot;:&quot;1408732665&quot;,&quot;copyright&quot;:&quot;&quot;,&quot;focal_length&quot;:&quot;10.789&quot;,&quot;iso&quot;:&quot;400&quot;,&quot;shutter_speed&quot;:&quot;0.02&quot;,&quot;title&quot;:&quot;&quot;,&quot;orientation&quot;:&quot;1&quot;}\" data-image-title=\"\" data-image-description=\"\" data-medium-file=\"https:\/\/i0.wp.com\/posletrasufac.com\/wp-content\/uploads\/2014\/08\/escola-da-maria-clara-e-defesa-da-egina-205.jpg?fit=300%2C225&#038;ssl=1\" data-large-file=\"https:\/\/i0.wp.com\/posletrasufac.com\/wp-content\/uploads\/2014\/08\/escola-da-maria-clara-e-defesa-da-egina-205.jpg?fit=750%2C563&#038;ssl=1\" src=\"https:\/\/i0.wp.com\/posletrasufac.com\/wp-content\/uploads\/2014\/08\/escola-da-maria-clara-e-defesa-da-egina-205.jpg?w=496&#038;h=372&#038;ssl=1\" width=\"496\" height=\"372\" loading=\"lazy\" data-original-width=\"496\" data-original-height=\"372\" itemprop=\"http:\/\/schema.org\/image\" title=\"\" alt=\"\" style=\"width: 496px; height: 372px;\" \/> <\/a> <\/div> <\/div> <!-- close group --> <div class=\"gallery-group images-2\" style=\"width: 250px; height: 376px;\" data-original-width=\"250\" data-original-height=\"376\" > <div class=\"tiled-gallery-item tiled-gallery-item-small\" itemprop=\"associatedMedia\" itemscope itemtype=\"http:\/\/schema.org\/ImageObject\"> <a href=\"https:\/\/posletrasufac.com\/en\/escola-da-maria-clara-e-defesa-da-egina-204\/\" border=\"0\" itemprop=\"url\"> <meta itemprop=\"width\" content=\"246\"> <meta itemprop=\"height\" content=\"184\"> <img decoding=\"async\" class=\"\" data-attachment-id=\"191\" data-orig-file=\"https:\/\/posletrasufac.com\/wp-content\/uploads\/2014\/08\/escola-da-maria-clara-e-defesa-da-egina-204.jpg\" data-orig-size=\"4000,3000\" data-comments-opened=\"\" data-image-meta=\"{&quot;aperture&quot;:&quot;2.2&quot;,&quot;credit&quot;:&quot;&quot;,&quot;camera&quot;:&quot;Canon PowerShot G15&quot;,&quot;caption&quot;:&quot;&quot;,&quot;created_timestamp&quot;:&quot;1408732643&quot;,&quot;copyright&quot;:&quot;&quot;,&quot;focal_length&quot;:&quot;10.789&quot;,&quot;iso&quot;:&quot;640&quot;,&quot;shutter_speed&quot;:&quot;0.02&quot;,&quot;title&quot;:&quot;&quot;,&quot;orientation&quot;:&quot;1&quot;}\" data-image-title=\"\" data-image-description=\"\" data-medium-file=\"https:\/\/i0.wp.com\/posletrasufac.com\/wp-content\/uploads\/2014\/08\/escola-da-maria-clara-e-defesa-da-egina-204.jpg?fit=300%2C225&#038;ssl=1\" data-large-file=\"https:\/\/i0.wp.com\/posletrasufac.com\/wp-content\/uploads\/2014\/08\/escola-da-maria-clara-e-defesa-da-egina-204.jpg?fit=750%2C563&#038;ssl=1\" src=\"https:\/\/i0.wp.com\/posletrasufac.com\/wp-content\/uploads\/2014\/08\/escola-da-maria-clara-e-defesa-da-egina-204.jpg?w=246&#038;h=184&#038;ssl=1\" width=\"246\" height=\"184\" loading=\"lazy\" data-original-width=\"246\" data-original-height=\"184\" itemprop=\"http:\/\/schema.org\/image\" title=\"\" alt=\"\" style=\"width: 246px; height: 184px;\" \/> <\/a> <\/div> <div class=\"tiled-gallery-item tiled-gallery-item-small\" itemprop=\"associatedMedia\" itemscope itemtype=\"http:\/\/schema.org\/ImageObject\"> <a href=\"https:\/\/posletrasufac.com\/en\/escola-da-maria-clara-e-defesa-da-egina-202\/\" border=\"0\" itemprop=\"url\"> <meta itemprop=\"width\" content=\"246\"> <meta itemprop=\"height\" content=\"184\"> <img decoding=\"async\" class=\"\" data-attachment-id=\"190\" data-orig-file=\"https:\/\/posletrasufac.com\/wp-content\/uploads\/2014\/08\/escola-da-maria-clara-e-defesa-da-egina-202.jpg\" data-orig-size=\"4000,3000\" data-comments-opened=\"\" data-image-meta=\"{&quot;aperture&quot;:&quot;2.2&quot;,&quot;credit&quot;:&quot;&quot;,&quot;camera&quot;:&quot;Canon PowerShot G15&quot;,&quot;caption&quot;:&quot;&quot;,&quot;created_timestamp&quot;:&quot;1408732591&quot;,&quot;copyright&quot;:&quot;&quot;,&quot;focal_length&quot;:&quot;11.817&quot;,&quot;iso&quot;:&quot;500&quot;,&quot;shutter_speed&quot;:&quot;0.016666666666667&quot;,&quot;title&quot;:&quot;&quot;,&quot;orientation&quot;:&quot;1&quot;}\" data-image-title=\"\" data-image-description=\"\" data-medium-file=\"https:\/\/i0.wp.com\/posletrasufac.com\/wp-content\/uploads\/2014\/08\/escola-da-maria-clara-e-defesa-da-egina-202.jpg?fit=300%2C225&#038;ssl=1\" data-large-file=\"https:\/\/i0.wp.com\/posletrasufac.com\/wp-content\/uploads\/2014\/08\/escola-da-maria-clara-e-defesa-da-egina-202.jpg?fit=750%2C563&#038;ssl=1\" src=\"https:\/\/i0.wp.com\/posletrasufac.com\/wp-content\/uploads\/2014\/08\/escola-da-maria-clara-e-defesa-da-egina-202.jpg?w=246&#038;h=184&#038;ssl=1\" width=\"246\" height=\"184\" loading=\"lazy\" data-original-width=\"246\" data-original-height=\"184\" itemprop=\"http:\/\/schema.org\/image\" title=\"\" alt=\"2014 - Defesa de Disserta\u00e7\u00e3o de Egina Carli de Ara\u00fajo Rodrigues Carneiro\" style=\"width: 246px; height: 184px;\" \/> <\/a> <div class=\"tiled-gallery-caption\" itemprop=\"caption description\"> 2014 &#8211; Defesa de Disserta\u00e7\u00e3o de Egina Carli de Ara\u00fajo Rodrigues Carneiro <\/div> <\/div> <\/div> <!-- close group --> <\/div> <!-- close row --> <div class=\"gallery-row\" style=\"width: 750px; height: 282px;\" data-original-width=\"750\" data-original-height=\"282\" > <div class=\"gallery-group images-1\" style=\"width: 375px; height: 282px;\" data-original-width=\"375\" data-original-height=\"282\" > <div class=\"tiled-gallery-item tiled-gallery-item-large\" itemprop=\"associatedMedia\" itemscope itemtype=\"http:\/\/schema.org\/ImageObject\"> <a href=\"https:\/\/posletrasufac.com\/en\/escola-da-maria-clara-e-defesa-da-egina-196\/\" border=\"0\" itemprop=\"url\"> <meta itemprop=\"width\" content=\"371\"> <meta itemprop=\"height\" content=\"278\"> <img decoding=\"async\" class=\"\" data-attachment-id=\"189\" data-orig-file=\"https:\/\/posletrasufac.com\/wp-content\/uploads\/2014\/08\/escola-da-maria-clara-e-defesa-da-egina-196.jpg\" data-orig-size=\"4000,3000\" data-comments-opened=\"\" data-image-meta=\"{&quot;aperture&quot;:&quot;1.8&quot;,&quot;credit&quot;:&quot;&quot;,&quot;camera&quot;:&quot;Canon PowerShot G15&quot;,&quot;caption&quot;:&quot;&quot;,&quot;created_timestamp&quot;:&quot;1408732310&quot;,&quot;copyright&quot;:&quot;&quot;,&quot;focal_length&quot;:&quot;6.1&quot;,&quot;iso&quot;:&quot;100&quot;,&quot;shutter_speed&quot;:&quot;0.033333333333333&quot;,&quot;title&quot;:&quot;&quot;,&quot;orientation&quot;:&quot;1&quot;}\" data-image-title=\"\" data-image-description=\"\" data-medium-file=\"https:\/\/i0.wp.com\/posletrasufac.com\/wp-content\/uploads\/2014\/08\/escola-da-maria-clara-e-defesa-da-egina-196.jpg?fit=300%2C225&#038;ssl=1\" data-large-file=\"https:\/\/i0.wp.com\/posletrasufac.com\/wp-content\/uploads\/2014\/08\/escola-da-maria-clara-e-defesa-da-egina-196.jpg?fit=750%2C563&#038;ssl=1\" src=\"https:\/\/i0.wp.com\/posletrasufac.com\/wp-content\/uploads\/2014\/08\/escola-da-maria-clara-e-defesa-da-egina-196.jpg?w=371&#038;h=278&#038;ssl=1\" width=\"371\" height=\"278\" loading=\"lazy\" data-original-width=\"371\" data-original-height=\"278\" itemprop=\"http:\/\/schema.org\/image\" title=\"\" alt=\"2014 - Defesa de Disserta\u00e7\u00e3o de Egina Carli de Ara\u00fajo Rodrigues Carneiro\" style=\"width: 371px; height: 278px;\" \/> <\/a> <div class=\"tiled-gallery-caption\" itemprop=\"caption description\"> 2014 &#8211; Defesa de Disserta\u00e7\u00e3o de Egina Carli de Ara\u00fajo Rodrigues Carneiro <\/div> <\/div> <\/div> <!-- close group --> <div class=\"gallery-group images-1\" style=\"width: 375px; height: 282px;\" data-original-width=\"375\" data-original-height=\"282\" > <div class=\"tiled-gallery-item tiled-gallery-item-large\" itemprop=\"associatedMedia\" itemscope itemtype=\"http:\/\/schema.org\/ImageObject\"> <a href=\"https:\/\/posletrasufac.com\/en\/escola-da-maria-clara-e-defesa-da-egina-007\/\" border=\"0\" itemprop=\"url\"> <meta itemprop=\"width\" content=\"371\"> <meta itemprop=\"height\" content=\"278\"> <img decoding=\"async\" class=\"\" data-attachment-id=\"188\" data-orig-file=\"https:\/\/posletrasufac.com\/wp-content\/uploads\/2014\/08\/escola-da-maria-clara-e-defesa-da-egina-007.jpg\" data-orig-size=\"4000,3000\" data-comments-opened=\"\" data-image-meta=\"{&quot;aperture&quot;:&quot;2.8&quot;,&quot;credit&quot;:&quot;&quot;,&quot;camera&quot;:&quot;Canon PowerShot G15&quot;,&quot;caption&quot;:&quot;&quot;,&quot;created_timestamp&quot;:&quot;1408723466&quot;,&quot;copyright&quot;:&quot;&quot;,&quot;focal_length&quot;:&quot;30.5&quot;,&quot;iso&quot;:&quot;800&quot;,&quot;shutter_speed&quot;:&quot;0.008&quot;,&quot;title&quot;:&quot;&quot;,&quot;orientation&quot;:&quot;1&quot;}\" data-image-title=\"\" data-image-description=\"\" data-medium-file=\"https:\/\/i0.wp.com\/posletrasufac.com\/wp-content\/uploads\/2014\/08\/escola-da-maria-clara-e-defesa-da-egina-007.jpg?fit=300%2C225&#038;ssl=1\" data-large-file=\"https:\/\/i0.wp.com\/posletrasufac.com\/wp-content\/uploads\/2014\/08\/escola-da-maria-clara-e-defesa-da-egina-007.jpg?fit=750%2C563&#038;ssl=1\" src=\"https:\/\/i0.wp.com\/posletrasufac.com\/wp-content\/uploads\/2014\/08\/escola-da-maria-clara-e-defesa-da-egina-007.jpg?w=371&#038;h=278&#038;ssl=1\" width=\"371\" height=\"278\" loading=\"lazy\" data-original-width=\"371\" data-original-height=\"278\" itemprop=\"http:\/\/schema.org\/image\" title=\"\" alt=\"\" style=\"width: 371px; height: 278px;\" \/> <\/a> <\/div> <\/div> <!-- close group --> <\/div> <!-- close row --> <\/div>","protected":false},"excerpt":{"rendered":"<p>Aconteceu hoje a defesa da mestranda\u00a0Egina Carli de Ara\u00fajo Rodrigues Carneiro, cujo t\u00edtulo da disserta\u00e7\u00e3o \u00e9 \u00a0A IDENTIDADE PROFISSIONAL DO COORDENADOR PEDAG\u00d3GICO DA REDE\u00a0P\u00daBLICA ESTADUAL DE RIO BRANCO: ENTRE AS NORMATIZA\u00c7\u00d5ES LEGAIS E A PR\u00c1TICA COTIDIANA.\u00a0 Participaram da Banca Examinadora:<\/p>","protected":false},"author":65883018,"featured_media":0,"comment_status":"closed","ping_status":"closed","sticky":false,"template":"","format":"standard","meta":{"_coblocks_attr":"","_coblocks_dimensions":"","_coblocks_responsive_height":"","_coblocks_accordion_ie_support":"","_crdt_document":"","advanced_seo_description":"","jetpack_seo_html_title":"","jetpack_seo_noindex":false,"_jetpack_newsletter_access":"","_jetpack_dont_email_post_to_subs":false,"_jetpack_newsletter_tier_id":0,"_jetpack_memberships_contains_paywalled_content":false,"_jetpack_memberships_contains_paid_content":false,"footnotes":"","jetpack_publicize_message":"undefined","jetpack_publicize_feature_enabled":true,"jetpack_social_post_already_shared":false,"jetpack_social_options":{"image_generator_settings":{"template":"highway","default_image_id":0,"font":"","enabled":false},"version":2},"_wpas_customize_per_network":false,"jetpack_post_was_ever_published":false},"categories":[5078],"tags":[],"class_list":["post-193","post","type-post","status-publish","format-standard","hentry","category-sem-categoria"],"jetpack_publicize_connections":[],"jetpack_featured_media_url":"","jetpack_likes_enabled":false,"jetpack_sharing_enabled":true,"jetpack_shortlink":"https:\/\/wp.me\/p4Na16-37","amp_enabled":true,"_links":{"self":[{"href":"https:\/\/posletrasufac.com\/en\/wp-json\/wp\/v2\/posts\/193","targetHints":{"allow":["GET"]}}],"collection":[{"href":"https:\/\/posletrasufac.com\/en\/wp-json\/wp\/v2\/posts"}],"about":[{"href":"https:\/\/posletrasufac.com\/en\/wp-json\/wp\/v2\/types\/post"}],"author":[{"embeddable":true,"href":"https:\/\/posletrasufac.com\/en\/wp-json\/wp\/v2\/users\/65883018"}],"replies":[{"embeddable":true,"href":"https:\/\/posletrasufac.com\/en\/wp-json\/wp\/v2\/comments?post=193"}],"version-history":[{"count":4,"href":"https:\/\/posletrasufac.com\/en\/wp-json\/wp\/v2\/posts\/193\/revisions"}],"predecessor-version":[{"id":200,"href":"https:\/\/posletrasufac.com\/en\/wp-json\/wp\/v2\/posts\/193\/revisions\/200"}],"wp:attachment":[{"href":"https:\/\/posletrasufac.com\/en\/wp-json\/wp\/v2\/media?parent=193"}],"wp:term":[{"taxonomy":"category","embeddable":true,"href":"https:\/\/posletrasufac.com\/en\/wp-json\/wp\/v2\/categories?post=193"},{"taxonomy":"post_tag","embeddable":true,"href":"https:\/\/posletrasufac.com\/en\/wp-json\/wp\/v2\/tags?post=193"}],"curies":[{"name":"wp","href":"https:\/\/api.w.org\/{rel}","templated":true}]}}