{"id":18666,"date":"2026-09-01T12:03:23","date_gmt":"2026-09-01T17:03:23","guid":{"rendered":"https:\/\/posletrasufac.com\/?p=18666"},"modified":"2026-09-01T12:03:25","modified_gmt":"2026-09-01T17:03:25","slug":"convite-michel-foucault-cem-anos-de-uma-vida-nao-fascista","status":"publish","type":"post","link":"https:\/\/posletrasufac.com\/en\/2026\/09\/01\/convite-michel-foucault-cem-anos-de-uma-vida-nao-fascista\/","title":{"rendered":"Convite: Michel Foucault &#8211; cem anos de uma vida n\u00e3o-fascista"},"content":{"rendered":"<figure class=\"wp-block-image size-large\"><a href=\"https:\/\/i0.wp.com\/posletrasufac.com\/wp-content\/uploads\/2026\/09\/Michel-Foucault-cem-anos-de-uma-vida-nao-fascista.jpg?ssl=1\"><img data-recalc-dims=\"1\" loading=\"lazy\" decoding=\"async\" width=\"750\" height=\"750\" data-attachment-id=\"18668\" data-permalink=\"https:\/\/posletrasufac.com\/en\/2026\/09\/01\/convite-michel-foucault-cem-anos-de-uma-vida-nao-fascista\/michel-foucault-cem-anos-de-uma-vida-nao-fascista\/\" data-orig-file=\"https:\/\/i0.wp.com\/posletrasufac.com\/wp-content\/uploads\/2026\/09\/Michel-Foucault-cem-anos-de-uma-vida-nao-fascista.jpg?fit=1080%2C1080&amp;ssl=1\" data-orig-size=\"1080,1080\" data-comments-opened=\"0\" data-image-meta=\"{&quot;aperture&quot;:&quot;0&quot;,&quot;credit&quot;:&quot;&quot;,&quot;camera&quot;:&quot;&quot;,&quot;caption&quot;:&quot;&quot;,&quot;created_timestamp&quot;:&quot;0&quot;,&quot;copyright&quot;:&quot;&quot;,&quot;focal_length&quot;:&quot;0&quot;,&quot;iso&quot;:&quot;0&quot;,&quot;shutter_speed&quot;:&quot;0&quot;,&quot;title&quot;:&quot;&quot;,&quot;orientation&quot;:&quot;1&quot;,&quot;alt&quot;:&quot;&quot;}\" data-image-title=\"Michel Foucault cem anos de uma vida n\u00e3o-fascista\" data-image-description=\"\" data-image-caption=\"\" data-large-file=\"https:\/\/i0.wp.com\/posletrasufac.com\/wp-content\/uploads\/2026\/09\/Michel-Foucault-cem-anos-de-uma-vida-nao-fascista.jpg?fit=750%2C750&amp;ssl=1\" src=\"https:\/\/i0.wp.com\/posletrasufac.com\/wp-content\/uploads\/2026\/09\/Michel-Foucault-cem-anos-de-uma-vida-nao-fascista.jpg?resize=750%2C750&#038;ssl=1\" alt=\"\" class=\"wp-image-18668\" srcset=\"https:\/\/i0.wp.com\/posletrasufac.com\/wp-content\/uploads\/2026\/09\/Michel-Foucault-cem-anos-de-uma-vida-nao-fascista.jpg?resize=1024%2C1024&amp;ssl=1 1024w, https:\/\/i0.wp.com\/posletrasufac.com\/wp-content\/uploads\/2026\/09\/Michel-Foucault-cem-anos-de-uma-vida-nao-fascista.jpg?resize=300%2C300&amp;ssl=1 300w, https:\/\/i0.wp.com\/posletrasufac.com\/wp-content\/uploads\/2026\/09\/Michel-Foucault-cem-anos-de-uma-vida-nao-fascista.jpg?resize=150%2C150&amp;ssl=1 150w, https:\/\/i0.wp.com\/posletrasufac.com\/wp-content\/uploads\/2026\/09\/Michel-Foucault-cem-anos-de-uma-vida-nao-fascista.jpg?resize=768%2C768&amp;ssl=1 768w, https:\/\/i0.wp.com\/posletrasufac.com\/wp-content\/uploads\/2026\/09\/Michel-Foucault-cem-anos-de-uma-vida-nao-fascista.jpg?resize=12%2C12&amp;ssl=1 12w, https:\/\/i0.wp.com\/posletrasufac.com\/wp-content\/uploads\/2026\/09\/Michel-Foucault-cem-anos-de-uma-vida-nao-fascista.jpg?resize=270%2C270&amp;ssl=1 270w, https:\/\/i0.wp.com\/posletrasufac.com\/wp-content\/uploads\/2026\/09\/Michel-Foucault-cem-anos-de-uma-vida-nao-fascista.jpg?resize=230%2C230&amp;ssl=1 230w, https:\/\/i0.wp.com\/posletrasufac.com\/wp-content\/uploads\/2026\/09\/Michel-Foucault-cem-anos-de-uma-vida-nao-fascista.jpg?w=1080&amp;ssl=1 1080w\" sizes=\"auto, (max-width: 750px) 100vw, 750px\" \/><\/a><\/figure>\n\n\n\n<p class=\"wp-block-paragraph\">O Programa de P\u00f3s-Gradua\u00e7\u00e3o em Letras: Linguagem e Identidade \u2013 PPGLI\/UFAC tem a honra de convidar para a palestra <strong>Michel Foucault: cem anos de uma vida n\u00e3o-fascista<\/strong>, com o Prof. Dr. Durval Muniz de Albuquerque J\u00fanior<\/p>\n\n\n\n<p class=\"wp-block-paragraph\">27 de novembro de 2026 (sexta-feira)<br>9h<br>Audit\u00f3rio da P\u00f3s-Gradua\u00e7\u00e3o &#8211; UFAC<\/p>\n\n\n\n<p class=\"wp-block-paragraph\">Atividade aberta \u00e0 comunidade acad\u00eamica.<\/p>\n\n\n\n<p class=\"wp-block-paragraph\">Sobre o palestrante:<\/p>\n\n\n\n<p class=\"wp-block-paragraph\">Possui gradua\u00e7\u00e3o em Licenciatura Plena em Hist\u00f3ria pela Universidade Estadual da Para\u00edba (1982), mestrado em Hist\u00f3ria pela Universidade Estadual de Campinas (1988) e doutorado em Hist\u00f3ria pela Universidade Estadual de Campinas (1994). P\u00f3s- Doutorado em Educa\u00e7\u00e3o pela Universidade de Barcelona e em Teoria e Filosofia da Hist\u00f3ria pela Universidade de Coimbra. Professor titular aposentado da Universidade Federal do Rio Grande do Norte. Professor permanente dos Programas de P\u00f3s-Gradua\u00e7\u00e3o em Hist\u00f3ria da Universidade Federal de Pernambuco e Universidade Federal do Rio Grande do Norte. Professor visitante do Programa de P\u00f3s-Gradua\u00e7\u00e3o em Hist\u00f3ria do CERES (Caic\u00f3-RN). Bolsista de Produtividade em Pesquisa 1A do Conselho Nacional de Desenvolvimento Cient\u00edfico e Tecnol\u00f3gico (CNPq). Presidente da Sociedade Brasileira de Teoria e Hist\u00f3ria da Historiografia, tri\u00eanio 2024 a 2027. Coordena o Corpus: grupo de estudos e pesquisas em hist\u00f3ria dos corpos e das sensibilidades; faz parte do Histor: N\u00facleo de estudos de teoria da hist\u00f3ria e hist\u00f3ria da historiografia e do grupo de pesquisa em Hist\u00f3ria dos Sert\u00f5es. Tem experi\u00eancia na \u00e1rea de Hist\u00f3ria, com \u00eanfase em Teoria e Filosofia da Hist\u00f3ria, atuando principalmente nos seguintes temas: g\u00eanero, nordeste, masculinidade, biografia hist\u00f3rica, produ\u00e7\u00e3o de subjetividades, hist\u00f3ria das sensibilidades, hist\u00f3ria dos corpos, das dores e dos sofrimentos.<\/p>","protected":false},"excerpt":{"rendered":"<p>O Programa de P\u00f3s-Gradua\u00e7\u00e3o em Letras: Linguagem e Identidade \u2013 PPGLI\/UFAC tem a honra de convidar para a palestra Michel Foucault: cem anos de uma vida n\u00e3o-fascista, com o Prof. Dr. Durval Muniz de Albuquerque J\u00fanior 27 de novembro de<\/p>","protected":false},"author":65883018,"featured_media":0,"comment_status":"closed","ping_status":"closed","sticky":false,"template":"","format":"standard","meta":{"_coblocks_attr":"","_coblocks_dimensions":"","_coblocks_responsive_height":"","_coblocks_accordion_ie_support":"","advanced_seo_description":"","jetpack_seo_html_title":"","jetpack_seo_noindex":false,"jetpack_seo_schema_type":"","_jetpack_newsletter_access":"","_jetpack_dont_email_post_to_subs":false,"_jetpack_newsletter_tier_id":0,"_jetpack_memberships_contains_paywalled_content":false,"_wpcom_ai_launchpad_first_post":false,"_jetpack_feature_clip_id":0,"_jetpack_memberships_contains_paid_content":false,"footnotes":"","jetpack_publicize_message":"{title}\n\n{excerpt}\n\n{url}","jetpack_publicize_feature_enabled":true,"jetpack_social_post_already_shared":true,"jetpack_social_options":{"image_generator_settings":{"template":"highway","default_image_id":0,"font":"","enabled":false},"version":2},"_wpas_customize_per_network":false,"jetpack_post_was_ever_published":false},"categories":[233475685],"tags":[],"class_list":["post-18666","post","type-post","status-publish","format-standard","hentry","category-ppgli"],"jetpack_publicize_connections":[],"jetpack_likes_enabled":false,"jetpack_sharing_enabled":true,"jetpack_shortlink":"https:\/\/wp.me\/p4Na16-4R4","amp_enabled":true,"jetpack_featured_media_url":"","_links":{"self":[{"href":"https:\/\/posletrasufac.com\/en\/wp-json\/wp\/v2\/posts\/18666","targetHints":{"allow":["GET"]}}],"collection":[{"href":"https:\/\/posletrasufac.com\/en\/wp-json\/wp\/v2\/posts"}],"about":[{"href":"https:\/\/posletrasufac.com\/en\/wp-json\/wp\/v2\/types\/post"}],"author":[{"embeddable":true,"href":"https:\/\/posletrasufac.com\/en\/wp-json\/wp\/v2\/users\/65883018"}],"replies":[{"embeddable":true,"href":"https:\/\/posletrasufac.com\/en\/wp-json\/wp\/v2\/comments?post=18666"}],"version-history":[{"count":4,"href":"https:\/\/posletrasufac.com\/en\/wp-json\/wp\/v2\/posts\/18666\/revisions"}],"predecessor-version":[{"id":18671,"href":"https:\/\/posletrasufac.com\/en\/wp-json\/wp\/v2\/posts\/18666\/revisions\/18671"}],"wp:attachment":[{"href":"https:\/\/posletrasufac.com\/en\/wp-json\/wp\/v2\/media?parent=18666"}],"wp:term":[{"taxonomy":"category","embeddable":true,"href":"https:\/\/posletrasufac.com\/en\/wp-json\/wp\/v2\/categories?post=18666"},{"taxonomy":"post_tag","embeddable":true,"href":"https:\/\/posletrasufac.com\/en\/wp-json\/wp\/v2\/tags?post=18666"}],"curies":[{"name":"wp","href":"https:\/\/api.w.org\/{rel}","templated":true}]}}