{"id":15993,"date":"2025-07-29T09:44:12","date_gmt":"2025-07-29T14:44:12","guid":{"rendered":"https:\/\/posletrasufac.com\/?p=15993"},"modified":"2025-07-29T11:13:35","modified_gmt":"2025-07-29T16:13:35","slug":"pesquisadores-do-ppgli-apresentam-suas-producoes-no-14o-congresso-brasileiro-de-linguistica-aplicada-14o-cbla","status":"publish","type":"post","link":"https:\/\/posletrasufac.com\/en\/2025\/07\/29\/pesquisadores-do-ppgli-apresentam-suas-producoes-no-14o-congresso-brasileiro-de-linguistica-aplicada-14o-cbla\/","title":{"rendered":"Pesquisadores do PPGLI apresentam suas produ\u00e7\u00f5es no 14\u00ba Congresso Brasileiro de Lingu\u00edstica Aplicada (CBLA)"},"content":{"rendered":"<div class=\"wp-block-image\">\n<figure class=\"aligncenter size-large is-resized\"><a href=\"https:\/\/i0.wp.com\/posletrasufac.com\/wp-content\/uploads\/2025\/07\/Design-sem-nome.jpg?ssl=1\"><img data-recalc-dims=\"1\" loading=\"lazy\" decoding=\"async\" width=\"750\" height=\"422\" data-attachment-id=\"16020\" data-permalink=\"https:\/\/posletrasufac.com\/en\/2025\/07\/29\/pesquisadores-do-ppgli-apresentam-suas-producoes-no-14o-congresso-brasileiro-de-linguistica-aplicada-14o-cbla\/design-sem-nome\/\" data-orig-file=\"https:\/\/i0.wp.com\/posletrasufac.com\/wp-content\/uploads\/2025\/07\/Design-sem-nome.jpg?fit=1600%2C900&amp;ssl=1\" data-orig-size=\"1600,900\" data-comments-opened=\"0\" data-image-meta=\"{&quot;aperture&quot;:&quot;0&quot;,&quot;credit&quot;:&quot;&quot;,&quot;camera&quot;:&quot;&quot;,&quot;caption&quot;:&quot;&quot;,&quot;created_timestamp&quot;:&quot;0&quot;,&quot;copyright&quot;:&quot;&quot;,&quot;focal_length&quot;:&quot;0&quot;,&quot;iso&quot;:&quot;0&quot;,&quot;shutter_speed&quot;:&quot;0&quot;,&quot;title&quot;:&quot;&quot;,&quot;orientation&quot;:&quot;1&quot;}\" data-image-title=\"Design sem nome\" data-image-description=\"\" data-image-caption=\"\" data-large-file=\"https:\/\/i0.wp.com\/posletrasufac.com\/wp-content\/uploads\/2025\/07\/Design-sem-nome.jpg?fit=750%2C422&amp;ssl=1\" src=\"https:\/\/i0.wp.com\/posletrasufac.com\/wp-content\/uploads\/2025\/07\/Design-sem-nome.jpg?resize=750%2C422&#038;ssl=1\" alt=\"Grupo de pessoas reunidas durante o 14\u00ba Congresso Brasileiro de Lingu\u00edstica Aplicada. Eles est\u00e3o em frente a um banner do evento, sorrindo e segurando bolsas com o logo do congresso.\" class=\"wp-image-16020\" style=\"width:847px;height:auto\" srcset=\"https:\/\/i0.wp.com\/posletrasufac.com\/wp-content\/uploads\/2025\/07\/Design-sem-nome.jpg?resize=1024%2C576&amp;ssl=1 1024w, https:\/\/i0.wp.com\/posletrasufac.com\/wp-content\/uploads\/2025\/07\/Design-sem-nome.jpg?resize=300%2C169&amp;ssl=1 300w, https:\/\/i0.wp.com\/posletrasufac.com\/wp-content\/uploads\/2025\/07\/Design-sem-nome.jpg?resize=768%2C432&amp;ssl=1 768w, https:\/\/i0.wp.com\/posletrasufac.com\/wp-content\/uploads\/2025\/07\/Design-sem-nome.jpg?resize=1536%2C864&amp;ssl=1 1536w, https:\/\/i0.wp.com\/posletrasufac.com\/wp-content\/uploads\/2025\/07\/Design-sem-nome.jpg?resize=18%2C10&amp;ssl=1 18w, https:\/\/i0.wp.com\/posletrasufac.com\/wp-content\/uploads\/2025\/07\/Design-sem-nome.jpg?w=1600&amp;ssl=1 1600w\" sizes=\"auto, (max-width: 750px) 100vw, 750px\" \/><\/a><\/figure>\n<\/div>\n\n\n<p class=\"wp-block-paragraph\">Ocorreu, no per\u00edodo de 14 a 18 de julho de 2025, o 14\u00ba Congresso Brasileiro de Lingu\u00edstica Aplicada (14\u00ba CBLA), na Universidade Federal de Sergipe (UFS), no c\u00e2mpus de S\u00e3o Crist\u00f3v\u00e3o. O evento foi organizado pela Associa\u00e7\u00e3o de Lingu\u00edstica Aplicada do Brasil (ALAB) e contou com pesquisadoras, estudantes, professoras e profissionais de Lingu\u00edstica Aplicada e de \u00e1reas afins, de diversos estados brasileiros e do exterior, interessados nas rela\u00e7\u00f5es entre linguagens, corpos, territ\u00f3rios e suas mov\u00eancias.<\/p>\n\n\n\n<p class=\"wp-block-paragraph\">Durante os cinco dias de evento, a comunidade brasileira e do exterior, engajada com pesquisa no campo dos estudos sobre linguagem-e-sociedade, discutiu quest\u00f5es relacionadas \u00e0 tem\u00e1tica do evento nos diversos campos da Lingu\u00edstica Aplicada &#8211; LA. Ademais, os participantes puderam fazer parte de um interc\u00e2mbio de conhecimentos, experi\u00eancias e pr\u00e1ticas advindos de diferentes \u00e2mbitos culturais, profissionais e de investiga\u00e7\u00e3o.<\/p>\n\n\n\n<p class=\"wp-block-paragraph\">O 14\u00ba CBLA buscou visibilizar diferentes agenciamentos de linguagens, em articula\u00e7\u00e3o com corpos e territ\u00f3rios, que constituem modos contempor\u00e2neos de sobreviv\u00eancia, resist\u00eancia e reexist\u00eancia ao colonialismo, \u00e0s colonialidades, \u00e0s desigualdades sociais, \u00e0s injusti\u00e7as epist\u00eamicas e \u00e0s viol\u00eancias de diversas ordens. Os projetos apresentados deram aten\u00e7\u00e3o \u00e0quelas vozes apagadas das grandes narrativas hegem\u00f4nicas, de modo a (des)aprender com suas epistemologias, ontologias e cosmologias, a exemplo de comunidades tradicionais e de terreiro, povos afroind\u00edgenas e movimentos sociais das cidades, do campo, dos rios e das florestas.<\/p>\n\n\n\n<p class=\"wp-block-paragraph\">A escolha do estado de Sergipe tamb\u00e9m demonstrou a necessidade de situar o evento numa das periferias da geopol\u00edtica do conhecimento acad\u00eamico brasileiro e suas hierarquias moderno-coloniais, mas que \u00e9 tamb\u00e9m, e acima de tudo, um territ\u00f3rio historicamente prop\u00edcio para a confabula\u00e7\u00e3o de linguagens de resist\u00eancia.<\/p>\n\n\n\n<p class=\"wp-block-paragraph\">\u00c0 convite da Presidenta da ALAB, Profa. Dra. Doris Matos (UFS), os trabalhos de discentes, professores e egressos da delega\u00e7\u00e3o do PPGLI, relacionados \u00e0s pesquisas conclu\u00eddas e em andamento, foram apresentados no Simp\u00f3sio \u201cTecituras, err\u00e2ncias e derivas em espa\u00e7os-tempos limiares: entre o aqui amaz\u00f4nico e o todo-mundo\u201d, coordenado pelo professor Gerson Rodrigues de Albuquerque (UFAC).&nbsp;<\/p>\n\n\n\n<div class=\"wp-block-media-text is-stacked-on-mobile\" style=\"grid-template-columns:22% auto\"><figure class=\"wp-block-media-text__media\"><img data-recalc-dims=\"1\" loading=\"lazy\" decoding=\"async\" width=\"732\" height=\"1024\" data-attachment-id=\"16018\" data-permalink=\"https:\/\/posletrasufac.com\/en\/2025\/07\/29\/pesquisadores-do-ppgli-apresentam-suas-producoes-no-14o-congresso-brasileiro-de-linguistica-aplicada-14o-cbla\/doris\/\" data-orig-file=\"https:\/\/i0.wp.com\/posletrasufac.com\/wp-content\/uploads\/2025\/07\/doris.jpg?fit=732%2C1024&amp;ssl=1\" data-orig-size=\"732,1024\" data-comments-opened=\"0\" data-image-meta=\"{&quot;aperture&quot;:&quot;0&quot;,&quot;credit&quot;:&quot;&quot;,&quot;camera&quot;:&quot;&quot;,&quot;caption&quot;:&quot;&quot;,&quot;created_timestamp&quot;:&quot;0&quot;,&quot;copyright&quot;:&quot;&quot;,&quot;focal_length&quot;:&quot;0&quot;,&quot;iso&quot;:&quot;0&quot;,&quot;shutter_speed&quot;:&quot;0&quot;,&quot;title&quot;:&quot;&quot;,&quot;orientation&quot;:&quot;0&quot;}\" data-image-title=\"doris\" data-image-description=\"\" data-image-caption=\"\" data-large-file=\"https:\/\/i0.wp.com\/posletrasufac.com\/wp-content\/uploads\/2025\/07\/doris.jpg?fit=732%2C1024&amp;ssl=1\" src=\"https:\/\/i0.wp.com\/posletrasufac.com\/wp-content\/uploads\/2025\/07\/doris.jpg?resize=732%2C1024&#038;ssl=1\" alt=\"\" class=\"wp-image-16018 size-full\" srcset=\"https:\/\/i0.wp.com\/posletrasufac.com\/wp-content\/uploads\/2025\/07\/doris.jpg?w=732&amp;ssl=1 732w, https:\/\/i0.wp.com\/posletrasufac.com\/wp-content\/uploads\/2025\/07\/doris.jpg?resize=214%2C300&amp;ssl=1 214w, https:\/\/i0.wp.com\/posletrasufac.com\/wp-content\/uploads\/2025\/07\/doris.jpg?resize=9%2C12&amp;ssl=1 9w\" sizes=\"auto, (max-width: 732px) 100vw, 732px\" \/><\/figure><div class=\"wp-block-media-text__content\">\n<p class=\"wp-block-paragraph\">\u201cA participa\u00e7\u00e3o de discentes e docentes do PPGLI no 14\u00b0 CBLA foi um marco para a ALAB, ao reafirmar o compromisso da \u00e1rea com vozes e epistemologias amaz\u00f4nicas. As pesquisas apresentadas no Simp\u00f3sio Convidado coordenado por Gerson Albuquerque provocaram e sensibilizaram, trazendo \u00e0 cena modos outros de narrar, viver e pensar a linguagem, o territ\u00f3rio e a educa\u00e7\u00e3o como os de pesquisadores ind\u00edgenas e surdos.\u201d, comentou Doris.<\/p>\n<\/div><\/div>\n\n\n\n<p class=\"wp-block-paragraph\">Confira abaixo a listagem de trabalhos apresentados:<\/p>\n\n\n\n<ol class=\"wp-block-list\">\n<li>A natureza do letramento na trajet\u00f3ria de uma professora Nukini &#8211; Analice Ferreira da Costa Nukini (PPGLI-UFAC)<\/li>\n<\/ol>\n\n\n\n<ol start=\"2\" class=\"wp-block-list\">\n<li>Tempo e deslocamento(s): narrativas de reconstru\u00e7\u00e3o do modo de vida e de luta &#8211; Maria Cristina Lobregat (PPGLI-UFAC\/IFAC\/ Bolsista CAPES)<\/li>\n<\/ol>\n\n\n\n<ol start=\"3\" class=\"wp-block-list\">\n<li>Saberes, linguagens e educa\u00e7\u00e3o kokama na comunidade Nova Alian\u00e7a: uma reflex\u00e3o sobre as formas pr\u00f3prias de educar &#8211; Eliz\u00e2ngela Lopes Kokama (PPGLI-UFAC)<\/li>\n<\/ol>\n\n\n\n<ol start=\"4\" class=\"wp-block-list\">\n<li>Narrativas de corpos e territ\u00f3rios marcados pelo olhar amazonialista: algumas reflex\u00f5es metodol\u00f3gicas &#8211; Gerson Rodrigues de Albuquerque (PPGLI-UFAC)<\/li>\n<\/ol>\n\n\n\n<ol start=\"5\" class=\"wp-block-list\">\n<li>Mem\u00f3rias, entre-lugares e deslocamentos em narrativas Pupykary &#8211; Ketlen Lima de Souza Apurin\u00e3 (PPGLI-UFAC)<\/li>\n<\/ol>\n\n\n\n<ol start=\"6\" class=\"wp-block-list\">\n<li>Estudantes surdos na p\u00f3s-gradua\u00e7\u00e3o: l\u00edngua(gens), identidades e formas de resist\u00eancias &#8211; Lucas Vargas Machado da Costa &#8211; Pesquisador surdo (PPGLI-UFAC)<\/li>\n<\/ol>\n\n\n\n<ol start=\"7\" class=\"wp-block-list\">\n<li>Corpos invis\u00edveis e vozes inaud\u00edveis em fronteiras panamaz\u00f4nicas: um estudo de caso sobre estudantes ind\u00edgenas em escola n\u00e3o ind\u00edgena &#8211; Luzanira Hil\u00e1rio da Silva Kokama (PPGLI-UFAC)<\/li>\n<\/ol>\n\n\n\n<ol start=\"8\" class=\"wp-block-list\">\n<li>Trajet\u00f3rias de luta e resist\u00eancia de Dercy Teles, sindicalista e trabalhadora extrativista da Amaz\u00f4nia acreana &#8211; Maria de Jesus Morais (PPGLI-UFAC)<\/li>\n<\/ol>\n\n\n\n<ol start=\"9\" class=\"wp-block-list\">\n<li>Yvyrupa &#8211; a terra toda, territ\u00f3rio guarani &#8211; Miguel Jorge Martins da Silva &#8211; Tata Endy &#8211; Mbya Guarani (PPGLI-UFAC)<\/li>\n<\/ol>\n\n\n\n<ol start=\"10\" class=\"wp-block-list\">\n<li>O corpo-territ\u00f3rio em poesias de mulheres ind\u00edgenas &#8211; Cl\u00e9cio Ferreira Nunes &#8211; Huni Kuin (PPGLI-UFAC)&nbsp;<\/li>\n<\/ol>\n\n\n\n<ol start=\"11\" class=\"wp-block-list\">\n<li>L\u00edngua (gem) e produ\u00e7\u00e3o de ci\u00eancia por pesquisadores ind\u00edgenas: um debate necess\u00e1rio &#8211; Shelton Lima de Souza (PPGLI-UFAC)<\/li>\n<\/ol>\n\n\n\n<ol start=\"12\" class=\"wp-block-list\">\n<li>Cidades de mem\u00f3ria: trajet\u00f3rias de vida e deslocamentos entre espa\u00e7os de cidades-florestas na Amaz\u00f4nia Sul-Ocidental &#8211; Tha\u00eds Albuquerque Figueiredo (PPGLI-UFAC)&nbsp;<\/li>\n<\/ol>\n\n\n\n<ol start=\"12\" class=\"wp-block-list\">\n<li>An\u00e1lise socioidentit\u00e1ria do discurso religioso de mestre Irineu &#8211; Sandra Mara Souza de Oliveira Silva (PPGLI &#8211; UFAC\/Bolsista CAPES)<br><br><\/li>\n<\/ol>\n\n\n\n<div aria-label=\"Carousel Gallery\" class=\"wp-block-coblocks-gallery-carousel alignwide\"><div class=\"coblocks-gallery-carousel-swiper-container is-cropped coblocks-gallery has-caption-style-dark has-horizontal-gutter has-no-thumbnails\"><div class=\"has-carousel has-carousel-lrg swiper-container\" data-swiper=\"{&quot;alignCells&quot;:false,&quot;autoPlay&quot;:false,&quot;autoPlaySpeed&quot;:3000,&quot;draggable&quot;:true,&quot;freeMode&quot;:false,&quot;loop&quot;:false,&quot;navigation&quot;:true,&quot;pageDots&quot;:false,&quot;pauseHover&quot;:false,&quot;responsiveHeight&quot;:false,&quot;slidesPerView&quot;:2,&quot;thumbnails&quot;:false,&quot;uuid&quot;:&quot;12345&quot;}\" style=\"height:400px\"><div class=\"swiper-wrapper\"><div class=\"swiper-slide\"><div class=\"coblocks-gallery--item\" role=\"button\" tabindex=\"0\"><figure class=\"coblocks-gallery--figure has-margin-left-5 has-margin-left-mobile-15 has-margin-right-5 has-margin-right-mobile-15\"><img data-recalc-dims=\"1\" loading=\"lazy\" decoding=\"async\" width=\"750\" height=\"1000\" data-attachment-id=\"16010\" data-permalink=\"https:\/\/posletrasufac.com\/en\/2025\/07\/29\/pesquisadores-do-ppgli-apresentam-suas-producoes-no-14o-congresso-brasileiro-de-linguistica-aplicada-14o-cbla\/imagem-do-whatsapp-de-2025-07-19-as-15-07-26_69739844-2\/\" data-orig-file=\"https:\/\/i0.wp.com\/posletrasufac.com\/wp-content\/uploads\/2025\/07\/Imagem-do-WhatsApp-de-2025-07-19-as-15.07.26_69739844-1.jpg?fit=1200%2C1600&amp;ssl=1\" data-orig-size=\"1200,1600\" data-comments-opened=\"0\" data-image-meta=\"{&quot;aperture&quot;:&quot;0&quot;,&quot;credit&quot;:&quot;&quot;,&quot;camera&quot;:&quot;&quot;,&quot;caption&quot;:&quot;&quot;,&quot;created_timestamp&quot;:&quot;0&quot;,&quot;copyright&quot;:&quot;&quot;,&quot;focal_length&quot;:&quot;0&quot;,&quot;iso&quot;:&quot;0&quot;,&quot;shutter_speed&quot;:&quot;0&quot;,&quot;title&quot;:&quot;&quot;,&quot;orientation&quot;:&quot;0&quot;}\" data-image-title=\"Imagem do WhatsApp de 2025-07-19 \u00e0(s) 15.07.26_69739844\" data-image-description=\"\" data-image-caption=\"\" data-large-file=\"https:\/\/i0.wp.com\/posletrasufac.com\/wp-content\/uploads\/2025\/07\/Imagem-do-WhatsApp-de-2025-07-19-as-15.07.26_69739844-1.jpg?fit=750%2C1000&amp;ssl=1\" alt=\"Image gallery image\" class=\"wp-image-16010\" data-id=\"16010\" src=\"https:\/\/i0.wp.com\/posletrasufac.com\/wp-content\/uploads\/2025\/07\/Imagem-do-WhatsApp-de-2025-07-19-as-15.07.26_69739844-1.jpg?resize=750%2C1000&#038;ssl=1\" srcset=\"https:\/\/i0.wp.com\/posletrasufac.com\/wp-content\/uploads\/2025\/07\/Imagem-do-WhatsApp-de-2025-07-19-as-15.07.26_69739844-1.jpg?resize=768%2C1024&amp;ssl=1 768w, https:\/\/i0.wp.com\/posletrasufac.com\/wp-content\/uploads\/2025\/07\/Imagem-do-WhatsApp-de-2025-07-19-as-15.07.26_69739844-1.jpg?resize=225%2C300&amp;ssl=1 225w, https:\/\/i0.wp.com\/posletrasufac.com\/wp-content\/uploads\/2025\/07\/Imagem-do-WhatsApp-de-2025-07-19-as-15.07.26_69739844-1.jpg?resize=1152%2C1536&amp;ssl=1 1152w, https:\/\/i0.wp.com\/posletrasufac.com\/wp-content\/uploads\/2025\/07\/Imagem-do-WhatsApp-de-2025-07-19-as-15.07.26_69739844-1.jpg?resize=9%2C12&amp;ssl=1 9w, https:\/\/i0.wp.com\/posletrasufac.com\/wp-content\/uploads\/2025\/07\/Imagem-do-WhatsApp-de-2025-07-19-as-15.07.26_69739844-1.jpg?resize=900%2C1200&amp;ssl=1 900w, https:\/\/i0.wp.com\/posletrasufac.com\/wp-content\/uploads\/2025\/07\/Imagem-do-WhatsApp-de-2025-07-19-as-15.07.26_69739844-1.jpg?resize=600%2C800&amp;ssl=1 600w, https:\/\/i0.wp.com\/posletrasufac.com\/wp-content\/uploads\/2025\/07\/Imagem-do-WhatsApp-de-2025-07-19-as-15.07.26_69739844-1.jpg?resize=450%2C600&amp;ssl=1 450w, https:\/\/i0.wp.com\/posletrasufac.com\/wp-content\/uploads\/2025\/07\/Imagem-do-WhatsApp-de-2025-07-19-as-15.07.26_69739844-1.jpg?resize=300%2C400&amp;ssl=1 300w, https:\/\/i0.wp.com\/posletrasufac.com\/wp-content\/uploads\/2025\/07\/Imagem-do-WhatsApp-de-2025-07-19-as-15.07.26_69739844-1.jpg?resize=150%2C200&amp;ssl=1 150w, https:\/\/i0.wp.com\/posletrasufac.com\/wp-content\/uploads\/2025\/07\/Imagem-do-WhatsApp-de-2025-07-19-as-15.07.26_69739844-1.jpg?w=1200&amp;ssl=1 1200w\" sizes=\"auto, (max-width: 750px) 100vw, 750px\" \/><\/figure><figcaption class=\"coblocks-gallery--caption coblocks-gallery--primary-caption\"><\/figcaption><\/div><\/div><div class=\"swiper-slide\"><div class=\"coblocks-gallery--item\" role=\"button\" tabindex=\"1\"><figure class=\"coblocks-gallery--figure has-margin-left-5 has-margin-left-mobile-15 has-margin-right-5 has-margin-right-mobile-15\"><img data-recalc-dims=\"1\" loading=\"lazy\" decoding=\"async\" width=\"750\" height=\"563\" data-attachment-id=\"16008\" data-permalink=\"https:\/\/posletrasufac.com\/en\/2025\/07\/29\/pesquisadores-do-ppgli-apresentam-suas-producoes-no-14o-congresso-brasileiro-de-linguistica-aplicada-14o-cbla\/imagem-do-whatsapp-de-2025-07-19-as-15-07-24_30ac5087\/\" data-orig-file=\"https:\/\/i0.wp.com\/posletrasufac.com\/wp-content\/uploads\/2025\/07\/Imagem-do-WhatsApp-de-2025-07-19-as-15.07.24_30ac5087.jpg?fit=4032%2C3024&amp;ssl=1\" data-orig-size=\"4032,3024\" data-comments-opened=\"0\" data-image-meta=\"{&quot;aperture&quot;:&quot;0&quot;,&quot;credit&quot;:&quot;&quot;,&quot;camera&quot;:&quot;&quot;,&quot;caption&quot;:&quot;&quot;,&quot;created_timestamp&quot;:&quot;0&quot;,&quot;copyright&quot;:&quot;&quot;,&quot;focal_length&quot;:&quot;0&quot;,&quot;iso&quot;:&quot;0&quot;,&quot;shutter_speed&quot;:&quot;0&quot;,&quot;title&quot;:&quot;&quot;,&quot;orientation&quot;:&quot;0&quot;}\" data-image-title=\"Imagem do WhatsApp de 2025-07-19 \u00e0(s) 15.07.24_30ac5087\" data-image-description=\"\" data-image-caption=\"\" data-large-file=\"https:\/\/i0.wp.com\/posletrasufac.com\/wp-content\/uploads\/2025\/07\/Imagem-do-WhatsApp-de-2025-07-19-as-15.07.24_30ac5087.jpg?fit=750%2C563&amp;ssl=1\" alt=\"Image gallery image\" class=\"wp-image-16008\" data-id=\"16008\" src=\"https:\/\/i0.wp.com\/posletrasufac.com\/wp-content\/uploads\/2025\/07\/Imagem-do-WhatsApp-de-2025-07-19-as-15.07.24_30ac5087.jpg?resize=750%2C563&#038;ssl=1\" srcset=\"https:\/\/i0.wp.com\/posletrasufac.com\/wp-content\/uploads\/2025\/07\/Imagem-do-WhatsApp-de-2025-07-19-as-15.07.24_30ac5087.jpg?resize=1024%2C768&amp;ssl=1 1024w, https:\/\/i0.wp.com\/posletrasufac.com\/wp-content\/uploads\/2025\/07\/Imagem-do-WhatsApp-de-2025-07-19-as-15.07.24_30ac5087.jpg?resize=300%2C225&amp;ssl=1 300w, https:\/\/i0.wp.com\/posletrasufac.com\/wp-content\/uploads\/2025\/07\/Imagem-do-WhatsApp-de-2025-07-19-as-15.07.24_30ac5087.jpg?resize=768%2C576&amp;ssl=1 768w, https:\/\/i0.wp.com\/posletrasufac.com\/wp-content\/uploads\/2025\/07\/Imagem-do-WhatsApp-de-2025-07-19-as-15.07.24_30ac5087.jpg?resize=1536%2C1152&amp;ssl=1 1536w, https:\/\/i0.wp.com\/posletrasufac.com\/wp-content\/uploads\/2025\/07\/Imagem-do-WhatsApp-de-2025-07-19-as-15.07.24_30ac5087.jpg?resize=2048%2C1536&amp;ssl=1 2048w, https:\/\/i0.wp.com\/posletrasufac.com\/wp-content\/uploads\/2025\/07\/Imagem-do-WhatsApp-de-2025-07-19-as-15.07.24_30ac5087.jpg?resize=16%2C12&amp;ssl=1 16w, https:\/\/i0.wp.com\/posletrasufac.com\/wp-content\/uploads\/2025\/07\/Imagem-do-WhatsApp-de-2025-07-19-as-15.07.24_30ac5087.jpg?resize=1200%2C900&amp;ssl=1 1200w, https:\/\/i0.wp.com\/posletrasufac.com\/wp-content\/uploads\/2025\/07\/Imagem-do-WhatsApp-de-2025-07-19-as-15.07.24_30ac5087.jpg?resize=800%2C600&amp;ssl=1 800w, https:\/\/i0.wp.com\/posletrasufac.com\/wp-content\/uploads\/2025\/07\/Imagem-do-WhatsApp-de-2025-07-19-as-15.07.24_30ac5087.jpg?resize=600%2C450&amp;ssl=1 600w, https:\/\/i0.wp.com\/posletrasufac.com\/wp-content\/uploads\/2025\/07\/Imagem-do-WhatsApp-de-2025-07-19-as-15.07.24_30ac5087.jpg?resize=400%2C300&amp;ssl=1 400w, https:\/\/i0.wp.com\/posletrasufac.com\/wp-content\/uploads\/2025\/07\/Imagem-do-WhatsApp-de-2025-07-19-as-15.07.24_30ac5087.jpg?resize=200%2C150&amp;ssl=1 200w, https:\/\/i0.wp.com\/posletrasufac.com\/wp-content\/uploads\/2025\/07\/Imagem-do-WhatsApp-de-2025-07-19-as-15.07.24_30ac5087.jpg?w=2250&amp;ssl=1 2250w\" sizes=\"auto, (max-width: 750px) 100vw, 750px\" \/><\/figure><figcaption class=\"coblocks-gallery--caption coblocks-gallery--primary-caption\"><\/figcaption><\/div><\/div><div class=\"swiper-slide\"><div class=\"coblocks-gallery--item\" role=\"button\" tabindex=\"2\"><figure class=\"coblocks-gallery--figure has-margin-left-5 has-margin-left-mobile-15 has-margin-right-5 has-margin-right-mobile-15\"><img data-recalc-dims=\"1\" loading=\"lazy\" decoding=\"async\" width=\"750\" height=\"422\" data-attachment-id=\"16003\" data-permalink=\"https:\/\/posletrasufac.com\/en\/2025\/07\/29\/pesquisadores-do-ppgli-apresentam-suas-producoes-no-14o-congresso-brasileiro-de-linguistica-aplicada-14o-cbla\/imagem-do-whatsapp-de-2025-07-19-as-15-07-25_1cae81dd-2\/\" data-orig-file=\"https:\/\/i0.wp.com\/posletrasufac.com\/wp-content\/uploads\/2025\/07\/Imagem-do-WhatsApp-de-2025-07-19-as-15.07.25_1cae81dd-1.jpg?fit=1600%2C900&amp;ssl=1\" data-orig-size=\"1600,900\" data-comments-opened=\"0\" data-image-meta=\"{&quot;aperture&quot;:&quot;0&quot;,&quot;credit&quot;:&quot;&quot;,&quot;camera&quot;:&quot;&quot;,&quot;caption&quot;:&quot;&quot;,&quot;created_timestamp&quot;:&quot;0&quot;,&quot;copyright&quot;:&quot;&quot;,&quot;focal_length&quot;:&quot;0&quot;,&quot;iso&quot;:&quot;0&quot;,&quot;shutter_speed&quot;:&quot;0&quot;,&quot;title&quot;:&quot;&quot;,&quot;orientation&quot;:&quot;0&quot;}\" data-image-title=\"Imagem do WhatsApp de 2025-07-19 \u00e0(s) 15.07.25_1cae81dd\" data-image-description=\"\" data-image-caption=\"\" data-large-file=\"https:\/\/i0.wp.com\/posletrasufac.com\/wp-content\/uploads\/2025\/07\/Imagem-do-WhatsApp-de-2025-07-19-as-15.07.25_1cae81dd-1.jpg?fit=750%2C422&amp;ssl=1\" alt=\"Image gallery image\" class=\"wp-image-16003\" data-id=\"16003\" src=\"https:\/\/i0.wp.com\/posletrasufac.com\/wp-content\/uploads\/2025\/07\/Imagem-do-WhatsApp-de-2025-07-19-as-15.07.25_1cae81dd-1.jpg?resize=750%2C422&#038;ssl=1\" srcset=\"https:\/\/i0.wp.com\/posletrasufac.com\/wp-content\/uploads\/2025\/07\/Imagem-do-WhatsApp-de-2025-07-19-as-15.07.25_1cae81dd-1.jpg?resize=1024%2C576&amp;ssl=1 1024w, https:\/\/i0.wp.com\/posletrasufac.com\/wp-content\/uploads\/2025\/07\/Imagem-do-WhatsApp-de-2025-07-19-as-15.07.25_1cae81dd-1.jpg?resize=300%2C169&amp;ssl=1 300w, https:\/\/i0.wp.com\/posletrasufac.com\/wp-content\/uploads\/2025\/07\/Imagem-do-WhatsApp-de-2025-07-19-as-15.07.25_1cae81dd-1.jpg?resize=768%2C432&amp;ssl=1 768w, https:\/\/i0.wp.com\/posletrasufac.com\/wp-content\/uploads\/2025\/07\/Imagem-do-WhatsApp-de-2025-07-19-as-15.07.25_1cae81dd-1.jpg?resize=1536%2C864&amp;ssl=1 1536w, https:\/\/i0.wp.com\/posletrasufac.com\/wp-content\/uploads\/2025\/07\/Imagem-do-WhatsApp-de-2025-07-19-as-15.07.25_1cae81dd-1.jpg?resize=18%2C10&amp;ssl=1 18w, https:\/\/i0.wp.com\/posletrasufac.com\/wp-content\/uploads\/2025\/07\/Imagem-do-WhatsApp-de-2025-07-19-as-15.07.25_1cae81dd-1.jpg?w=1600&amp;ssl=1 1600w\" sizes=\"auto, (max-width: 750px) 100vw, 750px\" \/><\/figure><figcaption class=\"coblocks-gallery--caption coblocks-gallery--primary-caption\"><\/figcaption><\/div><\/div><\/div><button class=\"nav-button__prev\" id=\"12345-prev\"><svg class=\"icon\" style=\"transform:rotate(180deg)\"><\/svg><\/button><button class=\"nav-button__next\" id=\"12345-next\"><svg class=\"icon\"><\/svg><\/button><\/div><\/div><\/div>","protected":false},"excerpt":{"rendered":"<p>Ocorreu, no per\u00edodo de 14 a 18 de julho de 2025, o 14\u00ba Congresso Brasileiro de Lingu\u00edstica Aplicada (14\u00ba CBLA), na Universidade Federal de Sergipe (UFS), no c\u00e2mpus de S\u00e3o Crist\u00f3v\u00e3o. O evento foi organizado pela Associa\u00e7\u00e3o de Lingu\u00edstica Aplicada<\/p>","protected":false},"author":65883018,"featured_media":0,"comment_status":"closed","ping_status":"closed","sticky":false,"template":"","format":"standard","meta":{"_coblocks_attr":"","_coblocks_dimensions":"","_coblocks_responsive_height":"","_coblocks_accordion_ie_support":"","_crdt_document":"","advanced_seo_description":"Descubra os principais acontecimentos do 14\u00ba CBLA, onde linguagens e territ\u00f3rios se entrela\u00e7am em debates sobre resist\u00eancia e epistemologias.","jetpack_seo_html_title":"14\u00ba Congresso Brasileiro de Lingu\u00edstica Aplicada: Highlights","jetpack_seo_noindex":false,"_jetpack_newsletter_access":"","_jetpack_dont_email_post_to_subs":false,"_jetpack_newsletter_tier_id":0,"_jetpack_memberships_contains_paywalled_content":false,"_jetpack_memberships_contains_paid_content":false,"footnotes":"","jetpack_publicize_message":"","jetpack_publicize_feature_enabled":true,"jetpack_social_post_already_shared":false,"jetpack_social_options":{"image_generator_settings":{"template":"highway","default_image_id":0,"enabled":false},"version":2},"_wpas_customize_per_network":false,"jetpack_post_was_ever_published":false},"categories":[233475685],"tags":[],"class_list":["post-15993","post","type-post","status-publish","format-standard","hentry","category-ppgli"],"jetpack_publicize_connections":[],"jetpack_featured_media_url":"","jetpack_likes_enabled":false,"jetpack_sharing_enabled":true,"jetpack_shortlink":"https:\/\/wp.me\/p4Na16-49X","amp_enabled":true,"_links":{"self":[{"href":"https:\/\/posletrasufac.com\/en\/wp-json\/wp\/v2\/posts\/15993","targetHints":{"allow":["GET"]}}],"collection":[{"href":"https:\/\/posletrasufac.com\/en\/wp-json\/wp\/v2\/posts"}],"about":[{"href":"https:\/\/posletrasufac.com\/en\/wp-json\/wp\/v2\/types\/post"}],"author":[{"embeddable":true,"href":"https:\/\/posletrasufac.com\/en\/wp-json\/wp\/v2\/users\/65883018"}],"replies":[{"embeddable":true,"href":"https:\/\/posletrasufac.com\/en\/wp-json\/wp\/v2\/comments?post=15993"}],"version-history":[{"count":22,"href":"https:\/\/posletrasufac.com\/en\/wp-json\/wp\/v2\/posts\/15993\/revisions"}],"predecessor-version":[{"id":16029,"href":"https:\/\/posletrasufac.com\/en\/wp-json\/wp\/v2\/posts\/15993\/revisions\/16029"}],"wp:attachment":[{"href":"https:\/\/posletrasufac.com\/en\/wp-json\/wp\/v2\/media?parent=15993"}],"wp:term":[{"taxonomy":"category","embeddable":true,"href":"https:\/\/posletrasufac.com\/en\/wp-json\/wp\/v2\/categories?post=15993"},{"taxonomy":"post_tag","embeddable":true,"href":"https:\/\/posletrasufac.com\/en\/wp-json\/wp\/v2\/tags?post=15993"}],"curies":[{"name":"wp","href":"https:\/\/api.w.org\/{rel}","templated":true}]}}