{"id":1512,"date":"2016-04-08T13:42:35","date_gmt":"2016-04-08T18:42:35","guid":{"rendered":"http:\/\/posletrasufac.com\/?p=1512"},"modified":"2016-04-09T14:15:17","modified_gmt":"2016-04-09T19:15:17","slug":"4o-encontro-regional-norte-dos-pesquisadores-de-historia-da-midia-alcar-2016","status":"publish","type":"post","link":"https:\/\/posletrasufac.com\/en\/2016\/04\/08\/4o-encontro-regional-norte-dos-pesquisadores-de-historia-da-midia-alcar-2016\/","title":{"rendered":"4\u00ba Encontro Regional Norte dos Pesquisadores de Hist\u00f3ria da M\u00eddia (ALCAR 2016)"},"content":{"rendered":"<h2 class=\"font_2\">M\u00cdDIA, FLUXOS MIGRAT\u00d3RIOS E DI\u00c1SPORAS: PERSPECTIVA HIST\u00d3RICA<\/h2>\n<p class=\"font_8\"><span class=\"color_11\">O 4\u00ba Encontro Regional Norte dos Pesquisadores de Hist\u00f3ria da M\u00eddia, vinculado \u00e0 Associa\u00e7\u00e3o Brasileira de Pesquisadores de Hist\u00f3ria da M\u00eddia, ser\u00e1 sediado pela Universidade Federal do Acre nos dias 19 e 20 de maio de 2016. O evento costuma mobilizar pesquisadores das Ci\u00eancias Humanas e Ci\u00eancias Sociais em torno da busca por conhecimentos hist\u00f3ricos mais abrangentes no que diz respeito \u00e0 televis\u00e3o, jornal impresso, web, r\u00e1dio, etc.<\/span><\/p>\n<p class=\"font_8\">\u00a0<span class=\"color_11\">O tema do evento, \u201cM\u00eddias, fluxos migrat\u00f3rios e di\u00e1sporas\u201d \u00e9 particularmente importante para a regi\u00e3o amaz\u00f4nica, uma regi\u00e3o composta de migrantes. Al\u00e9m das discuss\u00f5es entre pesquisadores, o evento ser\u00e1 fundamental para a cria\u00e7\u00e3o de acervos de mem\u00f3ria e para a educa\u00e7\u00e3o pol\u00edtica dos cidad\u00e3os no que diz respeito \u00e0 sua pr\u00f3pria identidade pol\u00edtica.<\/span><\/p>\n<p class=\"font_8\">Acesse o site para mais informa\u00e7\u00f5es:\u00a0<a href=\"http:\/\/www.alcarnorte2016.com.br\/\">http:\/\/www.alcarnorte2016.com.br\/<\/a><\/p>","protected":false},"excerpt":{"rendered":"<p>M\u00cdDIA, FLUXOS MIGRAT\u00d3RIOS E DI\u00c1SPORAS: PERSPECTIVA HIST\u00d3RICA O 4\u00ba Encontro Regional Norte dos Pesquisadores de Hist\u00f3ria da M\u00eddia, vinculado \u00e0 Associa\u00e7\u00e3o Brasileira de Pesquisadores de Hist\u00f3ria da M\u00eddia, ser\u00e1 sediado pela Universidade Federal do Acre nos dias 19 e 20<\/p>","protected":false},"author":65883018,"featured_media":0,"comment_status":"closed","ping_status":"closed","sticky":false,"template":"","format":"standard","meta":{"_coblocks_attr":"","_coblocks_dimensions":"","_coblocks_responsive_height":"","_coblocks_accordion_ie_support":"","_crdt_document":"","advanced_seo_description":"","jetpack_seo_html_title":"","jetpack_seo_noindex":false,"_jetpack_newsletter_access":"","_jetpack_dont_email_post_to_subs":false,"_jetpack_newsletter_tier_id":0,"_jetpack_memberships_contains_paywalled_content":false,"_jetpack_memberships_contains_paid_content":false,"footnotes":"","jetpack_publicize_message":"","jetpack_publicize_feature_enabled":true,"jetpack_social_post_already_shared":false,"jetpack_social_options":{"image_generator_settings":{"template":"highway","default_image_id":0,"font":"","enabled":false},"version":2},"_wpas_customize_per_network":false,"jetpack_post_was_ever_published":false},"categories":[233475685],"tags":[],"class_list":["post-1512","post","type-post","status-publish","format-standard","hentry","category-ppgli"],"jetpack_publicize_connections":[],"jetpack_featured_media_url":"","jetpack_likes_enabled":false,"jetpack_sharing_enabled":true,"jetpack_shortlink":"https:\/\/wp.me\/p4Na16-oo","amp_enabled":true,"_links":{"self":[{"href":"https:\/\/posletrasufac.com\/en\/wp-json\/wp\/v2\/posts\/1512","targetHints":{"allow":["GET"]}}],"collection":[{"href":"https:\/\/posletrasufac.com\/en\/wp-json\/wp\/v2\/posts"}],"about":[{"href":"https:\/\/posletrasufac.com\/en\/wp-json\/wp\/v2\/types\/post"}],"author":[{"embeddable":true,"href":"https:\/\/posletrasufac.com\/en\/wp-json\/wp\/v2\/users\/65883018"}],"replies":[{"embeddable":true,"href":"https:\/\/posletrasufac.com\/en\/wp-json\/wp\/v2\/comments?post=1512"}],"version-history":[{"count":5,"href":"https:\/\/posletrasufac.com\/en\/wp-json\/wp\/v2\/posts\/1512\/revisions"}],"predecessor-version":[{"id":1517,"href":"https:\/\/posletrasufac.com\/en\/wp-json\/wp\/v2\/posts\/1512\/revisions\/1517"}],"wp:attachment":[{"href":"https:\/\/posletrasufac.com\/en\/wp-json\/wp\/v2\/media?parent=1512"}],"wp:term":[{"taxonomy":"category","embeddable":true,"href":"https:\/\/posletrasufac.com\/en\/wp-json\/wp\/v2\/categories?post=1512"},{"taxonomy":"post_tag","embeddable":true,"href":"https:\/\/posletrasufac.com\/en\/wp-json\/wp\/v2\/tags?post=1512"}],"curies":[{"name":"wp","href":"https:\/\/api.w.org\/{rel}","templated":true}]}}