{"id":136,"date":"2014-07-31T12:22:42","date_gmt":"2014-07-31T17:22:42","guid":{"rendered":"http:\/\/posletrasufac.com\/2014\/07\/31\/comunicado-aos-alunos-dos-programas-de-pos-graduacao\/"},"modified":"2014-07-31T12:22:42","modified_gmt":"2014-07-31T17:22:42","slug":"comunicado-aos-alunos-dos-programas-de-pos-graduacao","status":"publish","type":"post","link":"https:\/\/posletrasufac.com\/en\/2014\/07\/31\/comunicado-aos-alunos-dos-programas-de-pos-graduacao\/","title":{"rendered":"Comunicado aos Alunos dos Programas de P\u00f3s-Gradua\u00e7\u00e3o"},"content":{"rendered":"<h1 id=\"parent-fieldname-title\" class=\"documentFirstHeading\"><a id=\"parent-fieldname-image\" href=\"http:\/\/www.ufac.br\/portal\/news\/pro-reitoria-de-pesquisa-e-pos-graduacao-2013-comunicado-aos-alunos-dos-programas-de-pos-graduacao\/image\/image_view_fullscreen\"><img loading=\"lazy\" decoding=\"async\" class=\"newsImage\" title=\"\" src=\"http:\/\/www.ufac.br\/portal\/news\/pro-reitoria-de-pesquisa-e-pos-graduacao-2013-comunicado-aos-alunos-dos-programas-de-pos-graduacao\/image_banner\" alt=\"Pr\u00f3-Reitoria de Pesquisa e P\u00f3s-Gradua\u00e7\u00e3o \u2013 Comunicado aos Alunos dos Programas de P\u00f3s-Gradua\u00e7\u00e3o\" width=\"685\" height=\"251\" \/><\/a><\/h1>\n<div id=\"content-core\">\n<div id=\"parent-fieldname-text\" class=\"plain\">\n<p>Comunicamos aos alunos dos Programas de P\u00f3s-Gradua\u00e7\u00e3o desta IFES que em raz\u00e3o dos trabalhos de instala\u00e7\u00e3o de infraestrutura e cabeamento para rede l\u00f3gica do Bloco de P\u00f3s-Gradua\u00e7\u00e3o, as aulas ser\u00e3o suspensas entre o per\u00edodo de 04 a 16 de agosto do ano em curso.<\/p>\n<p>Por oportuno, informamos que as datas de matr\u00edcula para os novos alunos e in\u00edcio do segundo semestre de 2014 ser\u00e3o remarcadas para os dias 18 e 19 de agosto e in\u00edcio das aulas no dia 20 de agosto.<\/p>\n<p>Rio Branco-Ac, 31 de julho de 2014<\/p>\n<div class=\"visualClear\"><b>Prof. Dr. Josimar Batista Ferreira<\/b><\/div>\n<div class=\"visualClear\">Pr\u00f3-Reitor de Pesquisa e P\u00f3s-Gradua\u00e7\u00e3o<\/div>\n<div class=\"visualClear\">Portaria n\u00ba 1.979, de 09 de novembro de 2012<\/div>\n<div class=\"visualClear\">Fonte:\u00a0<a href=\"http:\/\/www.ufac.br\/portal\/news\/pro-reitoria-de-pesquisa-e-pos-graduacao-2013-comunicado-aos-alunos-dos-programas-de-pos-graduacao\">UFAC<\/a><\/div>\n<\/div>\n<\/div>","protected":false},"excerpt":{"rendered":"<p>Comunicamos aos alunos dos Programas de P\u00f3s-Gradua\u00e7\u00e3o desta IFES que em raz\u00e3o dos trabalhos de instala\u00e7\u00e3o de infraestrutura e cabeamento para rede l\u00f3gica do Bloco de P\u00f3s-Gradua\u00e7\u00e3o, as aulas ser\u00e3o suspensas entre o per\u00edodo de 04 a 16 de agosto<\/p>","protected":false},"author":65883018,"featured_media":0,"comment_status":"closed","ping_status":"closed","sticky":false,"template":"","format":"standard","meta":{"_coblocks_attr":"","_coblocks_dimensions":"","_coblocks_responsive_height":"","_coblocks_accordion_ie_support":"","_crdt_document":"","advanced_seo_description":"","jetpack_seo_html_title":"","jetpack_seo_noindex":false,"_jetpack_newsletter_access":"","_jetpack_dont_email_post_to_subs":false,"_jetpack_newsletter_tier_id":0,"_jetpack_memberships_contains_paywalled_content":false,"_jetpack_memberships_contains_paid_content":false,"footnotes":"","jetpack_publicize_message":"","jetpack_publicize_feature_enabled":true,"jetpack_social_post_already_shared":false,"jetpack_social_options":{"image_generator_settings":{"template":"highway","default_image_id":0,"font":"","enabled":false},"version":2},"_wpas_customize_per_network":false,"jetpack_post_was_ever_published":false},"categories":[5078],"tags":[],"class_list":["post-136","post","type-post","status-publish","format-standard","hentry","category-sem-categoria"],"jetpack_publicize_connections":[],"jetpack_featured_media_url":"","jetpack_likes_enabled":false,"jetpack_sharing_enabled":true,"jetpack_shortlink":"https:\/\/wp.me\/p4Na16-2c","amp_enabled":true,"_links":{"self":[{"href":"https:\/\/posletrasufac.com\/en\/wp-json\/wp\/v2\/posts\/136","targetHints":{"allow":["GET"]}}],"collection":[{"href":"https:\/\/posletrasufac.com\/en\/wp-json\/wp\/v2\/posts"}],"about":[{"href":"https:\/\/posletrasufac.com\/en\/wp-json\/wp\/v2\/types\/post"}],"author":[{"embeddable":true,"href":"https:\/\/posletrasufac.com\/en\/wp-json\/wp\/v2\/users\/65883018"}],"replies":[{"embeddable":true,"href":"https:\/\/posletrasufac.com\/en\/wp-json\/wp\/v2\/comments?post=136"}],"version-history":[{"count":0,"href":"https:\/\/posletrasufac.com\/en\/wp-json\/wp\/v2\/posts\/136\/revisions"}],"wp:attachment":[{"href":"https:\/\/posletrasufac.com\/en\/wp-json\/wp\/v2\/media?parent=136"}],"wp:term":[{"taxonomy":"category","embeddable":true,"href":"https:\/\/posletrasufac.com\/en\/wp-json\/wp\/v2\/categories?post=136"},{"taxonomy":"post_tag","embeddable":true,"href":"https:\/\/posletrasufac.com\/en\/wp-json\/wp\/v2\/tags?post=136"}],"curies":[{"name":"wp","href":"https:\/\/api.w.org\/{rel}","templated":true}]}}