{"id":1321,"date":"2016-02-26T19:34:21","date_gmt":"2016-02-27T00:34:21","guid":{"rendered":"http:\/\/posletrasufac.com\/?p=1321"},"modified":"2016-02-26T19:34:22","modified_gmt":"2016-02-27T00:34:22","slug":"camelos-da-cidade-de-rio-branco-sao-tema-de-dissertacao-defendida-no-ppgli","status":"publish","type":"post","link":"https:\/\/posletrasufac.com\/en\/2016\/02\/26\/camelos-da-cidade-de-rio-branco-sao-tema-de-dissertacao-defendida-no-ppgli\/","title":{"rendered":"Camel\u00f4s da cidade de Rio Branco s\u00e3o tema de disserta\u00e7\u00e3o defendida no PPGLI"},"content":{"rendered":"<div class=\"tiled-gallery type-rectangular tiled-gallery-unresized\" data-original-width=\"750\" data-carousel-extra='{&quot;blog_id&quot;:1,&quot;permalink&quot;:&quot;https:\\\/\\\/posletrasufac.com\\\/en\\\/2016\\\/02\\\/26\\\/camelos-da-cidade-de-rio-branco-sao-tema-de-dissertacao-defendida-no-ppgli\\\/&quot;,&quot;likes_blog_id&quot;:70821924}' itemscope itemtype=\"http:\/\/schema.org\/ImageGallery\" > <div class=\"gallery-row\" style=\"width: 750px; height: 376px;\" data-original-width=\"750\" data-original-height=\"376\" > <div class=\"gallery-group images-1\" style=\"width: 500px; height: 376px;\" data-original-width=\"500\" data-original-height=\"376\" > <div class=\"tiled-gallery-item tiled-gallery-item-large\" itemprop=\"associatedMedia\" itemscope itemtype=\"http:\/\/schema.org\/ImageObject\"> <a href=\"https:\/\/posletrasufac.com\/en\/2016\/02\/26\/camelos-da-cidade-de-rio-branco-sao-tema-de-dissertacao-defendida-no-ppgli\/26-02-16-101\/\" border=\"0\" itemprop=\"url\"> <meta itemprop=\"width\" content=\"496\"> <meta itemprop=\"height\" content=\"372\"> <img decoding=\"async\" class=\"\" data-attachment-id=\"1332\" data-orig-file=\"https:\/\/posletrasufac.com\/wp-content\/uploads\/2016\/02\/26-02-16-101.jpg\" data-orig-size=\"4608,3456\" data-comments-opened=\"\" data-image-meta=\"{&quot;aperture&quot;:&quot;4&quot;,&quot;credit&quot;:&quot;&quot;,&quot;camera&quot;:&quot;Canon PowerShot SX170 IS&quot;,&quot;caption&quot;:&quot;&quot;,&quot;created_timestamp&quot;:&quot;1456424051&quot;,&quot;copyright&quot;:&quot;&quot;,&quot;focal_length&quot;:&quot;6.309&quot;,&quot;iso&quot;:&quot;320&quot;,&quot;shutter_speed&quot;:&quot;0.04&quot;,&quot;title&quot;:&quot;&quot;,&quot;orientation&quot;:&quot;1&quot;}\" data-image-title=\"26.02.16 101\" data-image-description=\"\" data-medium-file=\"https:\/\/i0.wp.com\/posletrasufac.com\/wp-content\/uploads\/2016\/02\/26-02-16-101.jpg?fit=300%2C225&#038;ssl=1\" data-large-file=\"https:\/\/i0.wp.com\/posletrasufac.com\/wp-content\/uploads\/2016\/02\/26-02-16-101.jpg?fit=750%2C563&#038;ssl=1\" src=\"https:\/\/i0.wp.com\/posletrasufac.com\/wp-content\/uploads\/2016\/02\/26-02-16-101.jpg?w=496&#038;h=372&#038;ssl=1\" width=\"496\" height=\"372\" loading=\"lazy\" data-original-width=\"496\" data-original-height=\"372\" itemprop=\"http:\/\/schema.org\/image\" title=\"26.02.16 101\" alt=\"2016 - Defesa de disserta\u00e7\u00e3o de Evandro Luzia Teixeira\" style=\"width: 496px; height: 372px;\" \/> <\/a> <div class=\"tiled-gallery-caption\" itemprop=\"caption description\"> 2016 &#8211; Defesa de disserta\u00e7\u00e3o de Evandro Luzia Teixeira <\/div> <\/div> <\/div> <!-- close group --> <div class=\"gallery-group images-2\" style=\"width: 250px; height: 376px;\" data-original-width=\"250\" data-original-height=\"376\" > <div class=\"tiled-gallery-item tiled-gallery-item-small\" itemprop=\"associatedMedia\" itemscope itemtype=\"http:\/\/schema.org\/ImageObject\"> <a href=\"https:\/\/posletrasufac.com\/en\/2016\/02\/26\/camelos-da-cidade-de-rio-branco-sao-tema-de-dissertacao-defendida-no-ppgli\/26-02-16-097\/\" border=\"0\" itemprop=\"url\"> <meta itemprop=\"width\" content=\"246\"> <meta itemprop=\"height\" content=\"184\"> <img decoding=\"async\" class=\"\" data-attachment-id=\"1327\" data-orig-file=\"https:\/\/posletrasufac.com\/wp-content\/uploads\/2016\/02\/26-02-16-097.jpg\" data-orig-size=\"4608,3456\" data-comments-opened=\"\" data-image-meta=\"{&quot;aperture&quot;:&quot;4&quot;,&quot;credit&quot;:&quot;&quot;,&quot;camera&quot;:&quot;Canon PowerShot SX170 IS&quot;,&quot;caption&quot;:&quot;&quot;,&quot;created_timestamp&quot;:&quot;1456423925&quot;,&quot;copyright&quot;:&quot;&quot;,&quot;focal_length&quot;:&quot;7.407&quot;,&quot;iso&quot;:&quot;640&quot;,&quot;shutter_speed&quot;:&quot;0.016666666666667&quot;,&quot;title&quot;:&quot;&quot;,&quot;orientation&quot;:&quot;1&quot;}\" data-image-title=\"26.02.16 097\" data-image-description=\"\" data-medium-file=\"https:\/\/i0.wp.com\/posletrasufac.com\/wp-content\/uploads\/2016\/02\/26-02-16-097.jpg?fit=300%2C225&#038;ssl=1\" data-large-file=\"https:\/\/i0.wp.com\/posletrasufac.com\/wp-content\/uploads\/2016\/02\/26-02-16-097.jpg?fit=750%2C563&#038;ssl=1\" src=\"https:\/\/i0.wp.com\/posletrasufac.com\/wp-content\/uploads\/2016\/02\/26-02-16-097.jpg?w=246&#038;h=184&#038;ssl=1\" width=\"246\" height=\"184\" loading=\"lazy\" data-original-width=\"246\" data-original-height=\"184\" itemprop=\"http:\/\/schema.org\/image\" title=\"26.02.16 097\" alt=\"2016 - Defesa de disserta\u00e7\u00e3o de Evandro Luzia Teixeira\" style=\"width: 246px; height: 184px;\" \/> <\/a> <div class=\"tiled-gallery-caption\" itemprop=\"caption description\"> 2016 &#8211; Defesa de disserta\u00e7\u00e3o de Evandro Luzia Teixeira <\/div> <\/div> <div class=\"tiled-gallery-item tiled-gallery-item-small\" itemprop=\"associatedMedia\" itemscope itemtype=\"http:\/\/schema.org\/ImageObject\"> <a href=\"https:\/\/posletrasufac.com\/en\/2016\/02\/26\/camelos-da-cidade-de-rio-branco-sao-tema-de-dissertacao-defendida-no-ppgli\/26-02-16-104\/\" border=\"0\" itemprop=\"url\"> <meta itemprop=\"width\" content=\"246\"> <meta itemprop=\"height\" content=\"184\"> <img decoding=\"async\" class=\"\" data-attachment-id=\"1330\" data-orig-file=\"https:\/\/posletrasufac.com\/wp-content\/uploads\/2016\/02\/26-02-16-104.jpg\" data-orig-size=\"4608,3456\" data-comments-opened=\"\" data-image-meta=\"{&quot;aperture&quot;:&quot;4&quot;,&quot;credit&quot;:&quot;&quot;,&quot;camera&quot;:&quot;Canon PowerShot SX170 IS&quot;,&quot;caption&quot;:&quot;&quot;,&quot;created_timestamp&quot;:&quot;1456424335&quot;,&quot;copyright&quot;:&quot;&quot;,&quot;focal_length&quot;:&quot;7.061&quot;,&quot;iso&quot;:&quot;250&quot;,&quot;shutter_speed&quot;:&quot;0.033333333333333&quot;,&quot;title&quot;:&quot;&quot;,&quot;orientation&quot;:&quot;1&quot;}\" data-image-title=\"26.02.16 104\" data-image-description=\"\" data-medium-file=\"https:\/\/i0.wp.com\/posletrasufac.com\/wp-content\/uploads\/2016\/02\/26-02-16-104.jpg?fit=300%2C225&#038;ssl=1\" data-large-file=\"https:\/\/i0.wp.com\/posletrasufac.com\/wp-content\/uploads\/2016\/02\/26-02-16-104.jpg?fit=750%2C563&#038;ssl=1\" src=\"https:\/\/i0.wp.com\/posletrasufac.com\/wp-content\/uploads\/2016\/02\/26-02-16-104.jpg?w=246&#038;h=184&#038;ssl=1\" width=\"246\" height=\"184\" loading=\"lazy\" data-original-width=\"246\" data-original-height=\"184\" itemprop=\"http:\/\/schema.org\/image\" title=\"26.02.16 104\" alt=\"2016 - Defesa de disserta\u00e7\u00e3o de Evandro Luzia Teixeira\" style=\"width: 246px; height: 184px;\" \/> <\/a> <div class=\"tiled-gallery-caption\" itemprop=\"caption description\"> 2016 &#8211; Defesa de disserta\u00e7\u00e3o de Evandro Luzia Teixeira <\/div> <\/div> <\/div> <!-- close group --> <\/div> <!-- close row --> <div class=\"gallery-row\" style=\"width: 750px; height: 142px;\" data-original-width=\"750\" data-original-height=\"142\" > <div class=\"gallery-group images-1\" style=\"width: 188px; height: 142px;\" data-original-width=\"188\" data-original-height=\"142\" > <div class=\"tiled-gallery-item tiled-gallery-item-small\" itemprop=\"associatedMedia\" itemscope itemtype=\"http:\/\/schema.org\/ImageObject\"> <a href=\"https:\/\/posletrasufac.com\/en\/2016\/02\/26\/camelos-da-cidade-de-rio-branco-sao-tema-de-dissertacao-defendida-no-ppgli\/26-02-16-103\/\" border=\"0\" itemprop=\"url\"> <meta itemprop=\"width\" content=\"184\"> <meta itemprop=\"height\" content=\"138\"> <img decoding=\"async\" class=\"\" data-attachment-id=\"1329\" data-orig-file=\"https:\/\/posletrasufac.com\/wp-content\/uploads\/2016\/02\/26-02-16-103.jpg\" data-orig-size=\"4608,3456\" data-comments-opened=\"\" data-image-meta=\"{&quot;aperture&quot;:&quot;4.5&quot;,&quot;credit&quot;:&quot;&quot;,&quot;camera&quot;:&quot;Canon PowerShot SX170 IS&quot;,&quot;caption&quot;:&quot;&quot;,&quot;created_timestamp&quot;:&quot;1456424226&quot;,&quot;copyright&quot;:&quot;&quot;,&quot;focal_length&quot;:&quot;15.884&quot;,&quot;iso&quot;:&quot;640&quot;,&quot;shutter_speed&quot;:&quot;0.016666666666667&quot;,&quot;title&quot;:&quot;&quot;,&quot;orientation&quot;:&quot;1&quot;}\" data-image-title=\"26.02.16 103\" data-image-description=\"\" data-medium-file=\"https:\/\/i0.wp.com\/posletrasufac.com\/wp-content\/uploads\/2016\/02\/26-02-16-103.jpg?fit=300%2C225&#038;ssl=1\" data-large-file=\"https:\/\/i0.wp.com\/posletrasufac.com\/wp-content\/uploads\/2016\/02\/26-02-16-103.jpg?fit=750%2C563&#038;ssl=1\" src=\"https:\/\/i0.wp.com\/posletrasufac.com\/wp-content\/uploads\/2016\/02\/26-02-16-103.jpg?w=184&#038;h=138&#038;ssl=1\" width=\"184\" height=\"138\" loading=\"lazy\" data-original-width=\"184\" data-original-height=\"138\" itemprop=\"http:\/\/schema.org\/image\" title=\"26.02.16 103\" alt=\"2016 - Defesa de disserta\u00e7\u00e3o de Evandro Luzia Teixeira\" style=\"width: 184px; height: 138px;\" \/> <\/a> <div class=\"tiled-gallery-caption\" itemprop=\"caption description\"> 2016 &#8211; Defesa de disserta\u00e7\u00e3o de Evandro Luzia Teixeira <\/div> <\/div> <\/div> <!-- close group --> <div class=\"gallery-group images-1\" style=\"width: 188px; height: 142px;\" data-original-width=\"188\" data-original-height=\"142\" > <div class=\"tiled-gallery-item tiled-gallery-item-small\" itemprop=\"associatedMedia\" itemscope itemtype=\"http:\/\/schema.org\/ImageObject\"> <a href=\"https:\/\/posletrasufac.com\/en\/2016\/02\/26\/camelos-da-cidade-de-rio-branco-sao-tema-de-dissertacao-defendida-no-ppgli\/26-02-16-098\/\" border=\"0\" itemprop=\"url\"> <meta itemprop=\"width\" content=\"184\"> <meta itemprop=\"height\" content=\"138\"> <img decoding=\"async\" class=\"\" data-attachment-id=\"1328\" data-orig-file=\"https:\/\/posletrasufac.com\/wp-content\/uploads\/2016\/02\/26-02-16-098.jpg\" data-orig-size=\"4608,3456\" data-comments-opened=\"\" data-image-meta=\"{&quot;aperture&quot;:&quot;3.5&quot;,&quot;credit&quot;:&quot;&quot;,&quot;camera&quot;:&quot;Canon PowerShot SX170 IS&quot;,&quot;caption&quot;:&quot;&quot;,&quot;created_timestamp&quot;:&quot;1456423988&quot;,&quot;copyright&quot;:&quot;&quot;,&quot;focal_length&quot;:&quot;5&quot;,&quot;iso&quot;:&quot;400&quot;,&quot;shutter_speed&quot;:&quot;0.05&quot;,&quot;title&quot;:&quot;&quot;,&quot;orientation&quot;:&quot;1&quot;}\" data-image-title=\"26.02.16 098\" data-image-description=\"\" data-medium-file=\"https:\/\/i0.wp.com\/posletrasufac.com\/wp-content\/uploads\/2016\/02\/26-02-16-098.jpg?fit=300%2C225&#038;ssl=1\" data-large-file=\"https:\/\/i0.wp.com\/posletrasufac.com\/wp-content\/uploads\/2016\/02\/26-02-16-098.jpg?fit=750%2C563&#038;ssl=1\" src=\"https:\/\/i0.wp.com\/posletrasufac.com\/wp-content\/uploads\/2016\/02\/26-02-16-098.jpg?w=184&#038;h=138&#038;ssl=1\" width=\"184\" height=\"138\" loading=\"lazy\" data-original-width=\"184\" data-original-height=\"138\" itemprop=\"http:\/\/schema.org\/image\" title=\"26.02.16 098\" alt=\"2016 - Defesa de disserta\u00e7\u00e3o de Evandro Luzia Teixeira\" style=\"width: 184px; height: 138px;\" \/> <\/a> <div class=\"tiled-gallery-caption\" itemprop=\"caption description\"> 2016 &#8211; Defesa de disserta\u00e7\u00e3o de Evandro Luzia Teixeira <\/div> <\/div> <\/div> <!-- close group --> <div class=\"gallery-group images-1\" style=\"width: 187px; height: 142px;\" data-original-width=\"187\" data-original-height=\"142\" > <div class=\"tiled-gallery-item tiled-gallery-item-small\" itemprop=\"associatedMedia\" itemscope itemtype=\"http:\/\/schema.org\/ImageObject\"> <a href=\"https:\/\/posletrasufac.com\/en\/2016\/02\/26\/camelos-da-cidade-de-rio-branco-sao-tema-de-dissertacao-defendida-no-ppgli\/26-02-16-095\/\" border=\"0\" itemprop=\"url\"> <meta itemprop=\"width\" content=\"183\"> <meta itemprop=\"height\" content=\"138\"> <img decoding=\"async\" class=\"\" data-attachment-id=\"1331\" data-orig-file=\"https:\/\/posletrasufac.com\/wp-content\/uploads\/2016\/02\/26-02-16-095.jpg\" data-orig-size=\"4608,3456\" data-comments-opened=\"\" data-image-meta=\"{&quot;aperture&quot;:&quot;3.5&quot;,&quot;credit&quot;:&quot;&quot;,&quot;camera&quot;:&quot;Canon PowerShot SX170 IS&quot;,&quot;caption&quot;:&quot;&quot;,&quot;created_timestamp&quot;:&quot;1456423766&quot;,&quot;copyright&quot;:&quot;&quot;,&quot;focal_length&quot;:&quot;5&quot;,&quot;iso&quot;:&quot;200&quot;,&quot;shutter_speed&quot;:&quot;0.02&quot;,&quot;title&quot;:&quot;&quot;,&quot;orientation&quot;:&quot;1&quot;}\" data-image-title=\"26.02.16 095\" data-image-description=\"\" data-medium-file=\"https:\/\/i0.wp.com\/posletrasufac.com\/wp-content\/uploads\/2016\/02\/26-02-16-095.jpg?fit=300%2C225&#038;ssl=1\" data-large-file=\"https:\/\/i0.wp.com\/posletrasufac.com\/wp-content\/uploads\/2016\/02\/26-02-16-095.jpg?fit=750%2C563&#038;ssl=1\" src=\"https:\/\/i0.wp.com\/posletrasufac.com\/wp-content\/uploads\/2016\/02\/26-02-16-095.jpg?w=183&#038;h=138&#038;ssl=1\" width=\"183\" height=\"138\" loading=\"lazy\" data-original-width=\"183\" data-original-height=\"138\" itemprop=\"http:\/\/schema.org\/image\" title=\"26.02.16 095\" alt=\"2016 - Defesa de disserta\u00e7\u00e3o de Evandro Luzia Teixeira\" style=\"width: 183px; height: 138px;\" \/> <\/a> <div class=\"tiled-gallery-caption\" itemprop=\"caption description\"> 2016 &#8211; Defesa de disserta\u00e7\u00e3o de Evandro Luzia Teixeira <\/div> <\/div> <\/div> <!-- close group --> <div class=\"gallery-group images-1\" style=\"width: 187px; height: 142px;\" data-original-width=\"187\" data-original-height=\"142\" > <div class=\"tiled-gallery-item tiled-gallery-item-small\" itemprop=\"associatedMedia\" itemscope itemtype=\"http:\/\/schema.org\/ImageObject\"> <a href=\"https:\/\/posletrasufac.com\/en\/2016\/02\/26\/camelos-da-cidade-de-rio-branco-sao-tema-de-dissertacao-defendida-no-ppgli\/26-02-16-092\/\" border=\"0\" itemprop=\"url\"> <meta itemprop=\"width\" content=\"183\"> <meta itemprop=\"height\" content=\"138\"> <img decoding=\"async\" class=\"\" data-attachment-id=\"1326\" data-orig-file=\"https:\/\/posletrasufac.com\/wp-content\/uploads\/2016\/02\/26-02-16-092.jpg\" data-orig-size=\"4608,3456\" data-comments-opened=\"\" data-image-meta=\"{&quot;aperture&quot;:&quot;5&quot;,&quot;credit&quot;:&quot;&quot;,&quot;camera&quot;:&quot;Canon PowerShot SX170 IS&quot;,&quot;caption&quot;:&quot;&quot;,&quot;created_timestamp&quot;:&quot;1456420448&quot;,&quot;copyright&quot;:&quot;&quot;,&quot;focal_length&quot;:&quot;22.206&quot;,&quot;iso&quot;:&quot;400&quot;,&quot;shutter_speed&quot;:&quot;0.05&quot;,&quot;title&quot;:&quot;&quot;,&quot;orientation&quot;:&quot;1&quot;}\" data-image-title=\"26.02.16 092\" data-image-description=\"\" data-medium-file=\"https:\/\/i0.wp.com\/posletrasufac.com\/wp-content\/uploads\/2016\/02\/26-02-16-092.jpg?fit=300%2C225&#038;ssl=1\" data-large-file=\"https:\/\/i0.wp.com\/posletrasufac.com\/wp-content\/uploads\/2016\/02\/26-02-16-092.jpg?fit=750%2C563&#038;ssl=1\" src=\"https:\/\/i0.wp.com\/posletrasufac.com\/wp-content\/uploads\/2016\/02\/26-02-16-092.jpg?w=183&#038;h=138&#038;ssl=1\" width=\"183\" height=\"138\" loading=\"lazy\" data-original-width=\"183\" data-original-height=\"138\" itemprop=\"http:\/\/schema.org\/image\" title=\"26.02.16 092\" alt=\"2016 - Defesa de disserta\u00e7\u00e3o de Evandro Luzia Teixeira\" style=\"width: 183px; height: 138px;\" \/> <\/a> <div class=\"tiled-gallery-caption\" itemprop=\"caption description\"> 2016 &#8211; Defesa de disserta\u00e7\u00e3o de Evandro Luzia Teixeira <\/div> <\/div> <\/div> <!-- close group --> <\/div> <!-- close row --> <\/div>\n<p>\u00c0s 15h do dia 25 de\u00a0fevereiro, ocorreu a defesa p\u00fablica da disserta\u00e7\u00e3o de mestrado do aluno Evandro Luzia Teixeira, com o t\u00edtulo &#8220;VENDEDORES AMBULANTES-\u201cCAMEL\u00d4S\u201d: SUJEITOS, DISCURSOS E IDENTIDADES NO \u201cCENTRO\u201d DE RIO BRANCO.<\/p>\n<p>Participaram da\u00a0Banca Examinadora o\u00a0Prof. Dr. Gerson Rodrigues de Albuquerque\u2013 Presidente\/Orientador \u2013 UFAC, a\u00a0Profa. Dra. Francielle Maria Modesto Mendes \u2013 Membro \u2013 UFAC e o\u00a0Prof. Dr. Agenor Sarraf Pacheco \u2013 Membro \u2013 UFPA.<\/p>\n<p>&nbsp;<\/p>\n<p>&nbsp;<\/p>","protected":false},"excerpt":{"rendered":"<p>\u00c0s 15h do dia 25 de\u00a0fevereiro, ocorreu a defesa p\u00fablica da disserta\u00e7\u00e3o de mestrado do aluno Evandro Luzia Teixeira, com o t\u00edtulo &#8220;VENDEDORES AMBULANTES-\u201cCAMEL\u00d4S\u201d: SUJEITOS, DISCURSOS E IDENTIDADES NO \u201cCENTRO\u201d DE RIO BRANCO. Participaram da\u00a0Banca Examinadora o\u00a0Prof. Dr. Gerson Rodrigues<\/p>","protected":false},"author":65883018,"featured_media":0,"comment_status":"closed","ping_status":"closed","sticky":false,"template":"","format":"standard","meta":{"_coblocks_attr":"","_coblocks_dimensions":"","_coblocks_responsive_height":"","_coblocks_accordion_ie_support":"","_crdt_document":"","advanced_seo_description":"","jetpack_seo_html_title":"","jetpack_seo_noindex":false,"_jetpack_newsletter_access":"","_jetpack_dont_email_post_to_subs":false,"_jetpack_newsletter_tier_id":0,"_jetpack_memberships_contains_paywalled_content":false,"_jetpack_memberships_contains_paid_content":false,"footnotes":"","jetpack_publicize_message":"","jetpack_publicize_feature_enabled":true,"jetpack_social_post_already_shared":false,"jetpack_social_options":{"image_generator_settings":{"template":"highway","default_image_id":0,"font":"","enabled":false},"version":2},"_wpas_customize_per_network":false,"jetpack_post_was_ever_published":false},"categories":[5078],"tags":[],"class_list":["post-1321","post","type-post","status-publish","format-standard","hentry","category-sem-categoria"],"jetpack_publicize_connections":[],"jetpack_featured_media_url":"","jetpack_likes_enabled":false,"jetpack_sharing_enabled":true,"jetpack_shortlink":"https:\/\/wp.me\/p4Na16-lj","amp_enabled":true,"_links":{"self":[{"href":"https:\/\/posletrasufac.com\/en\/wp-json\/wp\/v2\/posts\/1321","targetHints":{"allow":["GET"]}}],"collection":[{"href":"https:\/\/posletrasufac.com\/en\/wp-json\/wp\/v2\/posts"}],"about":[{"href":"https:\/\/posletrasufac.com\/en\/wp-json\/wp\/v2\/types\/post"}],"author":[{"embeddable":true,"href":"https:\/\/posletrasufac.com\/en\/wp-json\/wp\/v2\/users\/65883018"}],"replies":[{"embeddable":true,"href":"https:\/\/posletrasufac.com\/en\/wp-json\/wp\/v2\/comments?post=1321"}],"version-history":[{"count":7,"href":"https:\/\/posletrasufac.com\/en\/wp-json\/wp\/v2\/posts\/1321\/revisions"}],"predecessor-version":[{"id":1335,"href":"https:\/\/posletrasufac.com\/en\/wp-json\/wp\/v2\/posts\/1321\/revisions\/1335"}],"wp:attachment":[{"href":"https:\/\/posletrasufac.com\/en\/wp-json\/wp\/v2\/media?parent=1321"}],"wp:term":[{"taxonomy":"category","embeddable":true,"href":"https:\/\/posletrasufac.com\/en\/wp-json\/wp\/v2\/categories?post=1321"},{"taxonomy":"post_tag","embeddable":true,"href":"https:\/\/posletrasufac.com\/en\/wp-json\/wp\/v2\/tags?post=1321"}],"curies":[{"name":"wp","href":"https:\/\/api.w.org\/{rel}","templated":true}]}}