{"id":124,"date":"2014-07-19T11:31:06","date_gmt":"2014-07-19T16:31:06","guid":{"rendered":"http:\/\/posletrasufac.com\/2014\/07\/19\/i-encontro-interestadual-de-historia-acre-e-rondonia\/"},"modified":"2014-07-19T11:31:06","modified_gmt":"2014-07-19T16:31:06","slug":"i-encontro-interestadual-de-historia-acre-e-rondonia","status":"publish","type":"post","link":"https:\/\/posletrasufac.com\/en\/2014\/07\/19\/i-encontro-interestadual-de-historia-acre-e-rondonia\/","title":{"rendered":"I Encontro Interestadual de Hist\u00f3ria: Acre e Rond\u00f4nia"},"content":{"rendered":"<div id=\"WRchTxt9-h5v\" class=\"wysiwyg_viewer_skins_WRichTextNewSkintxtNew\">\n<p><strong><em>&#8220;Fronteiras amaz\u00f4nicas: Viv\u00eancias, representa\u00e7\u00f5es e conhecimentos&#8221;<\/em><\/strong><\/p>\n<p><strong>I Encontro da ANPUH: Acre<\/strong><\/p>\n<p><strong>II\u00a0Encontro da anpuh: Rond\u00f4nia<\/strong><\/p>\n<p><strong>Rio Branco 15 a\u00a019 de Setembro de 2014<\/strong><\/p>\n<p><strong>Local: C\u00e2mpus da UFAC<\/strong><\/p>\n<h2 class=\"font_2\">Apresenta\u00e7\u00e3o<\/h2>\n<p class=\"font_8\">\u00a0 \u00a0 \u00a0 \u00a0\u00a0Entre os dias 15 e 19 de setembro de 2014 ocorrer\u00e1 o I Encontro Interestadual de Hist\u00f3ria: Acre e Rond\u00f4nia, em conjunto com o II Encontro Estadual de Hist\u00f3ria da ANPUH-RO e I Encontro Estadual de Hist\u00f3ria da ANPUH-AC e \u00a0ser\u00e1 realizado na Universidade Federal do Acre, institui\u00e7\u00e3o federal de ensino superior com adequada infraestrutura e log\u00edstica acad\u00eamica para comportar o referido evento.\u00a0<\/p>\n<p class=\"font_8\">\u00a0 \u00a0 \u00a0 \u00a0 \u00a0 \u00a0 A cada dois anos, as Associa\u00e7\u00f5es estaduais de Hist\u00f3rias, vinculadas \u00e0 ASSOCIA\u00c7\u00c3O NACIONAL DE HIST\u00d3RIA (ANPUH), realizam os seus encontros regionais, que est\u00e3o entre os mais importantes eventos da \u00e1rea de Hist\u00f3ria realizados bienalmente nas universidades brasileiras. Suas reuni\u00f5es bienais atraem grande n\u00famero de profissionais de Hist\u00f3ria e de outras Ci\u00eancias Humanas, de alunos de gradua\u00e7\u00e3o e de p\u00f3s-gradua\u00e7\u00e3o de institui\u00e7\u00f5es p\u00fablicas e privadas.Visando aproximar e compartilhar das experi\u00eancias vivenciadas por pesquisadores, profissionais de ensino e estudantes que atuam na fronteira da Amaz\u00f4nia Sul-Ocidental, as se\u00e7\u00f5es regionais das ANPUH\u2019S de Acre e Rond\u00f4nia, juntamente com os cursos de Hist\u00f3ria das Universidades Federais do Acre e Rond\u00f4nia resolveram juntar esfor\u00e7os para debater e refletir durante o evento acerca de quest\u00f5es e inquieta\u00e7\u00f5es comuns. \u00a0<\/p>\n<p class=\"font_8\">\u00a0 \u00a0 \u00a0 \u00a0 A tem\u00e1tica do Encontro ser\u00e1\u00a0Fronteiras amaz\u00f4nicas: viv\u00eancias, representa\u00e7\u00f5es e conhecimentos, escolhida em fun\u00e7\u00e3o da necessidade, cada dia mais evidente da academia estabelecer formas de di\u00e1logo com a sociedade e aspectos ligados \u00e0s problem\u00e1ticas locais de uma regi\u00e3o fronteiri\u00e7a onde tr\u00eas pa\u00edses (Brasil, Bol\u00edvia e Peru) compartilham de vivencias e quest\u00f5es semelhantes. Tamb\u00e9m neste sentido ser\u00e3o abordadas reflex\u00f5es sobre as fronteiras culturais, \u00e9tnicas e tamb\u00e9m a din\u00e2mica das fronteiras do conhecimento. Portanto, todo o evento est\u00e1 sendo pensado no sentido de favorecer reflex\u00f5es, propostas e tomadas de decis\u00f5es que evidenciem a\u00e7\u00f5es na forma\u00e7\u00e3o dos profissionais de Hist\u00f3ria e outras Ci\u00eancias para suas atua\u00e7\u00f5es nesse espa\u00e7o amaz\u00f4nico de m\u00faltiplas dimens\u00f5es.<\/p>\n<p class=\"font_8\">\u00a0 \u00a0 \u00a0Sobre este mote se organizar\u00e3o confer\u00eancias, mesas-redondas,\u00a0minicursos e apresenta\u00e7\u00f5es de trabalhos. Esta programa\u00e7\u00e3o \u00a0tem o objetivo \u00a0de apresentar para a comunidade acad\u00eamica e de profissionais\u00a0da \u00e1rea\u00a0pesquisas sobre a hist\u00f3ria, a historiografia\u00a0e suas dimens\u00f5es\u00a0interdisciplinaridades, resultados das investiga\u00e7\u00f5es desenvolvidas regionalmente pelos diversos profissionais e estudantes que\u00a0atuam na e sobre Amaz\u00f4nia Sul Ocidental.<\/p>\n<\/div>\n<div id=\"WRchTxt9-vdv\" class=\"wysiwyg_viewer_skins_WRichTextNewSkintxtNew\">\n<p class=\"font_8\">\u00a0Coordenadores do Evento:<\/p>\n<p class=\"font_8\">\u00a0Professor Francisco Bento da Silva &#8211; UFAC<\/p>\n<p class=\"font_8\">Professora Ver\u00f4nica Aparecida Silveira Aguiar &#8211; UNIR<\/p>\n<p class=\"font_8\">Inscri\u00e7\u00f5es:\u00a0http:\/\/eventoacrerondonia.wix.com\/encontrodehistoria<\/p>\n<p class=\"font_8\">\u00a0<\/p>\n<p class=\"font_8\">Realiza\u00e7\u00e3o:<\/p>\n<p class=\"font_8\">Associa\u00e7\u00e3o Nacional de Hist\u00f3ria, se\u00e7\u00e3o Acre \u2013 ANPUH-AC<\/p>\n<p class=\"font_8\">Associa\u00e7\u00e3o Nacional de Hist\u00f3ria, se\u00e7\u00e3o Rond\u00f4nia \u2013 ANPUH-RO<\/p>\n<p class=\"font_8\">Mestrado em Letras: Linguagem e Identidade<\/p>\n<p class=\"font_8\">Coordena\u00e7\u00e3o dos cursos de Bacharelado em Hist\u00f3ria \u2013 UFAC e UNIR<\/p>\n<p class=\"font_8\">Coordena\u00e7\u00e3o dos cursos de Licenciatura em Hist\u00f3ria \u2013 UFAC e UNIR<\/p>\n<p class=\"font_8\">Pr\u00f3-reitoria de Extens\u00e3o e Cultura \u2013UFAC e UNIR<\/p>\n<p class=\"font_8\">Pr\u00f3-reitoria de Pesquisa e P\u00f3s-gradua\u00e7\u00e3o \u2013 UFAC e UNIR<\/p>\n<p class=\"font_8\">Apoio:<\/p>\n<p class=\"font_8\">Centro de Filosofia e Ci\u00eancias\u00a0Humanas \u2013 CFCH\/UFAC<\/p>\n<p class=\"font_8\">Departamento de Hist\u00f3ria\u00a0&#8211; UNIR<\/p>\n<p class=\"font_8\">Promo\u00e7\u00e3o<\/p>\n<p class=\"font_8\">Universidade Federal do Acre \u2013 UFAC<\/p>\n<p class=\"font_8\">Universidade Federal de Rond\u00f4nia\u00a0\u2013 UNIR<\/p>\n<p class=\"font_8\">Financiamento<\/p>\n<p class=\"font_8\">Universidade Federal do Acre \u2013 UFAC<\/p>\n<p class=\"font_8\">Capes\/PAEP<\/p>\n<\/div>","protected":false},"excerpt":{"rendered":"<p>&#8220;Fronteiras amaz\u00f4nicas: Viv\u00eancias, representa\u00e7\u00f5es e conhecimentos&#8221; I Encontro da ANPUH: Acre II\u00a0Encontro da anpuh: Rond\u00f4nia Rio Branco 15 a\u00a019 de Setembro de 2014 Local: C\u00e2mpus da UFAC Apresenta\u00e7\u00e3o \u00a0 \u00a0 \u00a0 \u00a0\u00a0Entre os dias 15 e 19 de setembro de<\/p>","protected":false},"author":65883018,"featured_media":0,"comment_status":"closed","ping_status":"closed","sticky":false,"template":"","format":"standard","meta":{"_coblocks_attr":"","_coblocks_dimensions":"","_coblocks_responsive_height":"","_coblocks_accordion_ie_support":"","_crdt_document":"","advanced_seo_description":"","jetpack_seo_html_title":"","jetpack_seo_noindex":false,"_jetpack_newsletter_access":"","_jetpack_dont_email_post_to_subs":false,"_jetpack_newsletter_tier_id":0,"_jetpack_memberships_contains_paywalled_content":false,"_jetpack_memberships_contains_paid_content":false,"footnotes":"","jetpack_publicize_message":"","jetpack_publicize_feature_enabled":true,"jetpack_social_post_already_shared":false,"jetpack_social_options":{"image_generator_settings":{"template":"highway","default_image_id":0,"font":"","enabled":false},"version":2},"_wpas_customize_per_network":false,"jetpack_post_was_ever_published":false},"categories":[5078],"tags":[],"class_list":["post-124","post","type-post","status-publish","format-standard","hentry","category-sem-categoria"],"jetpack_publicize_connections":[],"jetpack_featured_media_url":"","jetpack_likes_enabled":false,"jetpack_sharing_enabled":true,"jetpack_shortlink":"https:\/\/wp.me\/p4Na16-20","amp_enabled":true,"_links":{"self":[{"href":"https:\/\/posletrasufac.com\/en\/wp-json\/wp\/v2\/posts\/124","targetHints":{"allow":["GET"]}}],"collection":[{"href":"https:\/\/posletrasufac.com\/en\/wp-json\/wp\/v2\/posts"}],"about":[{"href":"https:\/\/posletrasufac.com\/en\/wp-json\/wp\/v2\/types\/post"}],"author":[{"embeddable":true,"href":"https:\/\/posletrasufac.com\/en\/wp-json\/wp\/v2\/users\/65883018"}],"replies":[{"embeddable":true,"href":"https:\/\/posletrasufac.com\/en\/wp-json\/wp\/v2\/comments?post=124"}],"version-history":[{"count":0,"href":"https:\/\/posletrasufac.com\/en\/wp-json\/wp\/v2\/posts\/124\/revisions"}],"wp:attachment":[{"href":"https:\/\/posletrasufac.com\/en\/wp-json\/wp\/v2\/media?parent=124"}],"wp:term":[{"taxonomy":"category","embeddable":true,"href":"https:\/\/posletrasufac.com\/en\/wp-json\/wp\/v2\/categories?post=124"},{"taxonomy":"post_tag","embeddable":true,"href":"https:\/\/posletrasufac.com\/en\/wp-json\/wp\/v2\/tags?post=124"}],"curies":[{"name":"wp","href":"https:\/\/api.w.org\/{rel}","templated":true}]}}