{"id":10213,"date":"2022-12-17T15:28:30","date_gmt":"2022-12-17T20:28:30","guid":{"rendered":"https:\/\/posletrasufac.com\/?p=10213"},"modified":"2022-12-17T15:28:31","modified_gmt":"2022-12-17T20:28:31","slug":"nota-de-falecimento","status":"publish","type":"post","link":"https:\/\/posletrasufac.com\/en\/2022\/12\/17\/nota-de-falecimento\/","title":{"rendered":"Nota de falecimento"},"content":{"rendered":"<figure class=\"wp-block-image size-full\"><a href=\"https:\/\/i0.wp.com\/posletrasufac.com\/wp-content\/uploads\/2019\/07\/logo-gellnorte-2.png?ssl=1\"><img data-recalc-dims=\"1\" loading=\"lazy\" decoding=\"async\" width=\"750\" height=\"267\" data-attachment-id=\"5163\" data-permalink=\"https:\/\/posletrasufac.com\/en\/logo-gellnorte-3\/\" data-orig-file=\"https:\/\/i0.wp.com\/posletrasufac.com\/wp-content\/uploads\/2019\/07\/logo-gellnorte-2.png?fit=1907%2C678&amp;ssl=1\" data-orig-size=\"1907,678\" data-comments-opened=\"0\" data-image-meta=\"{&quot;aperture&quot;:&quot;0&quot;,&quot;credit&quot;:&quot;&quot;,&quot;camera&quot;:&quot;&quot;,&quot;caption&quot;:&quot;&quot;,&quot;created_timestamp&quot;:&quot;0&quot;,&quot;copyright&quot;:&quot;&quot;,&quot;focal_length&quot;:&quot;0&quot;,&quot;iso&quot;:&quot;0&quot;,&quot;shutter_speed&quot;:&quot;0&quot;,&quot;title&quot;:&quot;&quot;,&quot;orientation&quot;:&quot;0&quot;}\" data-image-title=\"Logo gellnorte\" data-image-description=\"\" data-image-caption=\"\" data-large-file=\"https:\/\/i0.wp.com\/posletrasufac.com\/wp-content\/uploads\/2019\/07\/logo-gellnorte-2.png?fit=750%2C267&amp;ssl=1\" src=\"https:\/\/i0.wp.com\/posletrasufac.com\/wp-content\/uploads\/2019\/07\/logo-gellnorte-2.png?resize=750%2C267&#038;ssl=1\" alt=\"\" class=\"wp-image-5163\"\/><\/a><\/figure>\n\n\n<div class=\"wp-block-image\">\n<figure class=\"aligncenter size-full coblocks-animate\" data-coblocks-animation=\"fadeIn\"><a href=\"https:\/\/i0.wp.com\/posletrasufac.com\/wp-content\/uploads\/2022\/12\/maria-neves-23.webp?ssl=1\"><img data-recalc-dims=\"1\" loading=\"lazy\" decoding=\"async\" width=\"333\" height=\"328\" data-attachment-id=\"10215\" data-permalink=\"https:\/\/posletrasufac.com\/en\/2022\/12\/17\/nota-de-falecimento\/maria-neves-23\/\" data-orig-file=\"https:\/\/i0.wp.com\/posletrasufac.com\/wp-content\/uploads\/2022\/12\/maria-neves-23.webp?fit=333%2C328&amp;ssl=1\" data-orig-size=\"333,328\" data-comments-opened=\"0\" data-image-meta=\"{&quot;aperture&quot;:&quot;0&quot;,&quot;credit&quot;:&quot;&quot;,&quot;camera&quot;:&quot;&quot;,&quot;caption&quot;:&quot;&quot;,&quot;created_timestamp&quot;:&quot;0&quot;,&quot;copyright&quot;:&quot;&quot;,&quot;focal_length&quot;:&quot;0&quot;,&quot;iso&quot;:&quot;0&quot;,&quot;shutter_speed&quot;:&quot;0&quot;,&quot;title&quot;:&quot;&quot;,&quot;orientation&quot;:&quot;0&quot;}\" data-image-title=\"maria-neves-23\" data-image-description=\"\" data-image-caption=\"\" data-large-file=\"https:\/\/i0.wp.com\/posletrasufac.com\/wp-content\/uploads\/2022\/12\/maria-neves-23.webp?fit=333%2C328&amp;ssl=1\" src=\"https:\/\/i0.wp.com\/posletrasufac.com\/wp-content\/uploads\/2022\/12\/maria-neves-23.webp?resize=333%2C328&#038;ssl=1\" alt=\"\" class=\"wp-image-10215\" srcset=\"https:\/\/i0.wp.com\/posletrasufac.com\/wp-content\/uploads\/2022\/12\/maria-neves-23.webp?w=333&amp;ssl=1 333w, https:\/\/i0.wp.com\/posletrasufac.com\/wp-content\/uploads\/2022\/12\/maria-neves-23.webp?resize=300%2C295&amp;ssl=1 300w\" sizes=\"auto, (max-width: 333px) 100vw, 333px\" \/><\/a><\/figure>\n<\/div>\n\n\n<p class=\"wp-block-paragraph\">\u00c9 com imenso pesar que o <a href=\"https:\/\/gellnorte.wordpress.com\/2022\/12\/17\/memoria\/\">GELLNORTE <\/a>comunica o falecimento da linguista Maria Helena de Moura Neves. Sua atua\u00e7\u00e3o profissional como pesquisadora e professora produziu grande impacto na forma\u00e7\u00e3o de linguistas e docentes do pa\u00eds e sua produ\u00e7\u00e3o registrada em muitos livros e artigos seguir\u00e1 confirmando a relev\u00e2ncia de sua contribui\u00e7\u00e3o para a ci\u00eancia.\u00a0<\/p>\n\n\n\n<p class=\"wp-block-paragraph\">Maria Helena soube de maneira memor\u00e1vel combater o bom combate, guardando a f\u00e9 no conhecimento e na generosidade de sua partilha. Seguir\u00e1 conosco servindo de fonte de saber e de inspira\u00e7\u00e3o.<\/p>\n\n\n\n<p class=\"wp-block-paragraph\"><a href=\"https:\/\/sistemamemoriam.com\/c\/18102\">Deixe aqui a sua homenagem.<\/a><\/p>","protected":false},"excerpt":{"rendered":"<p>\u00c9 com imenso pesar que o GELLNORTE comunica o falecimento da linguista Maria Helena de Moura Neves. Sua atua\u00e7\u00e3o profissional como pesquisadora e professora produziu grande impacto na forma\u00e7\u00e3o de linguistas e docentes do pa\u00eds e sua produ\u00e7\u00e3o registrada em<\/p>","protected":false},"author":65883018,"featured_media":0,"comment_status":"closed","ping_status":"closed","sticky":false,"template":"","format":"standard","meta":{"_coblocks_attr":"","_coblocks_dimensions":"","_coblocks_responsive_height":"","_coblocks_accordion_ie_support":"","_crdt_document":"","advanced_seo_description":"","jetpack_seo_html_title":"","jetpack_seo_noindex":false,"_jetpack_newsletter_access":"","_jetpack_dont_email_post_to_subs":false,"_jetpack_newsletter_tier_id":0,"_jetpack_memberships_contains_paywalled_content":false,"_jetpack_memberships_contains_paid_content":false,"footnotes":"","jetpack_publicize_message":"","jetpack_publicize_feature_enabled":true,"jetpack_social_post_already_shared":true,"jetpack_social_options":{"image_generator_settings":{"template":"highway","default_image_id":0,"font":"","enabled":false},"version":2},"_wpas_customize_per_network":false,"jetpack_post_was_ever_published":false},"categories":[233475685],"tags":[],"class_list":["post-10213","post","type-post","status-publish","format-standard","hentry","category-ppgli"],"jetpack_publicize_connections":[],"jetpack_featured_media_url":"","jetpack_likes_enabled":false,"jetpack_sharing_enabled":true,"jetpack_shortlink":"https:\/\/wp.me\/p4Na16-2EJ","amp_enabled":true,"_links":{"self":[{"href":"https:\/\/posletrasufac.com\/en\/wp-json\/wp\/v2\/posts\/10213","targetHints":{"allow":["GET"]}}],"collection":[{"href":"https:\/\/posletrasufac.com\/en\/wp-json\/wp\/v2\/posts"}],"about":[{"href":"https:\/\/posletrasufac.com\/en\/wp-json\/wp\/v2\/types\/post"}],"author":[{"embeddable":true,"href":"https:\/\/posletrasufac.com\/en\/wp-json\/wp\/v2\/users\/65883018"}],"replies":[{"embeddable":true,"href":"https:\/\/posletrasufac.com\/en\/wp-json\/wp\/v2\/comments?post=10213"}],"version-history":[{"count":3,"href":"https:\/\/posletrasufac.com\/en\/wp-json\/wp\/v2\/posts\/10213\/revisions"}],"predecessor-version":[{"id":10217,"href":"https:\/\/posletrasufac.com\/en\/wp-json\/wp\/v2\/posts\/10213\/revisions\/10217"}],"wp:attachment":[{"href":"https:\/\/posletrasufac.com\/en\/wp-json\/wp\/v2\/media?parent=10213"}],"wp:term":[{"taxonomy":"category","embeddable":true,"href":"https:\/\/posletrasufac.com\/en\/wp-json\/wp\/v2\/categories?post=10213"},{"taxonomy":"post_tag","embeddable":true,"href":"https:\/\/posletrasufac.com\/en\/wp-json\/wp\/v2\/tags?post=10213"}],"curies":[{"name":"wp","href":"https:\/\/api.w.org\/{rel}","templated":true}]}}